{"id":158243,"date":"2023-01-07T15:04:32","date_gmt":"2023-01-07T15:04:32","guid":{"rendered":"http:\/\/radiofenix.com.ar\/martinez-la-corte-invade-competencias-de-otros-poderes\/"},"modified":"2023-01-07T15:04:32","modified_gmt":"2023-01-07T15:04:32","slug":"martinez-la-corte-invade-competencias-de-otros-poderes","status":"publish","type":"post","link":"https:\/\/radiofenix.com.ar\/2023\/martinez-la-corte-invade-competencias-de-otros-poderes\/","title":{"rendered":"Mart\u00ednez: \u201cLa Corte invade competencias de otros poderes\u201d"},"content":{"rendered":"<p>El titular del bloque del Frente de Todos en la C\u00e1mara de Diputados asegur\u00f3 que al declarar inconstitucional la ley del Consejo de la Magistratura de 2006, el m\u00e1ximo tribunal caus\u00f3 \u00abuna par\u00e1lisis absoluta y paraliz\u00f3 la elecci\u00f3n de jueces federales\u00bb.El titular del bloque del Frente de Todos en la C\u00e1mara de Diputados asegur\u00f3 que al declarar inconstitucional la ley del Consejo de la Magistratura de 2006, el m\u00e1ximo tribunal caus\u00f3 \u00abuna par\u00e1lisis absoluta y paraliz\u00f3 la elecci\u00f3n de jueces federales\u00bb.<\/p>\n","protected":false},"excerpt":{"rendered":"<p>El titular del bloque del Frente de Todos en la C\u00e1mara de Diputados asegur\u00f3 que&#8230;<\/p>\n","protected":false},"author":2,"featured_media":158244,"comment_status":"open","ping_status":"open","sticky":false,"template":"","format":"standard","meta":{"footnotes":""},"categories":[2],"tags":[],"class_list":["post-158243","post","type-post","status-publish","format-standard","has-post-thumbnail","hentry","category-politica"],"featured_image_urls":{"full":"","thumbnail":"","medium":"","medium_large":"","large":"","1536x1536":"","2048x2048":"","newsium-slider-full":"","newsium-featured":"","newsium-medium":""},"author_info":{"info":["c1500921"]},"category_info":"<a href=\"https:\/\/radiofenix.com.ar\/2023\/category\/politica\/\" rel=\"category tag\">Pol\u00edtica<\/a>","tag_info":"Pol\u00edtica","comment_count":"0","_links":{"self":[{"href":"https:\/\/radiofenix.com.ar\/2023\/wp-json\/wp\/v2\/posts\/158243","targetHints":{"allow":["GET"]}}],"collection":[{"href":"https:\/\/radiofenix.com.ar\/2023\/wp-json\/wp\/v2\/posts"}],"about":[{"href":"https:\/\/radiofenix.com.ar\/2023\/wp-json\/wp\/v2\/types\/post"}],"author":[{"embeddable":true,"href":"https:\/\/radiofenix.com.ar\/2023\/wp-json\/wp\/v2\/users\/2"}],"replies":[{"embeddable":true,"href":"https:\/\/radiofenix.com.ar\/2023\/wp-json\/wp\/v2\/comments?post=158243"}],"version-history":[{"count":0,"href":"https:\/\/radiofenix.com.ar\/2023\/wp-json\/wp\/v2\/posts\/158243\/revisions"}],"wp:featuredmedia":[{"embeddable":true,"href":"https:\/\/radiofenix.com.ar\/2023\/wp-json\/"}],"wp:attachment":[{"href":"https:\/\/radiofenix.com.ar\/2023\/wp-json\/wp\/v2\/media?parent=158243"}],"wp:term":[{"taxonomy":"category","embeddable":true,"href":"https:\/\/radiofenix.com.ar\/2023\/wp-json\/wp\/v2\/categories?post=158243"},{"taxonomy":"post_tag","embeddable":true,"href":"https:\/\/radiofenix.com.ar\/2023\/wp-json\/wp\/v2\/tags?post=158243"}],"curies":[{"name":"wp","href":"https:\/\/api.w.org\/{rel}","templated":true}]}}