{"id":158253,"date":"2023-01-07T17:04:15","date_gmt":"2023-01-07T17:04:15","guid":{"rendered":"http:\/\/radiofenix.com.ar\/tailhade-pedira-que-dalessandro-sea-investigado-por-26-hechos-delictivos\/"},"modified":"2023-01-07T17:04:15","modified_gmt":"2023-01-07T17:04:15","slug":"tailhade-pedira-que-dalessandro-sea-investigado-por-26-hechos-delictivos","status":"publish","type":"post","link":"https:\/\/radiofenix.com.ar\/2023\/tailhade-pedira-que-dalessandro-sea-investigado-por-26-hechos-delictivos\/","title":{"rendered":"Tailhade pedir\u00e1 que D&#8217;Alessandro sea investigado por 26 hechos delictivos"},"content":{"rendered":"<p>El diputado nacional del FdT presentar\u00e1 un escrito en la Justicia en el cual negar\u00e1 haber sido part\u00edcipe de la filtraci\u00f3n de los chats atribuidos al ministro porte\u00f1o de Seguridad y Justicia.El diputado nacional del FdT presentar\u00e1 un escrito en la Justicia en el cual negar\u00e1 haber sido part\u00edcipe de la filtraci\u00f3n de los chats atribuidos al ministro porte\u00f1o de Seguridad y Justicia.<\/p>\n","protected":false},"excerpt":{"rendered":"<p>El diputado nacional del FdT presentar\u00e1 un escrito en la Justicia en el cual negar\u00e1&#8230;<\/p>\n","protected":false},"author":2,"featured_media":158254,"comment_status":"open","ping_status":"open","sticky":false,"template":"","format":"standard","meta":{"footnotes":""},"categories":[2],"tags":[],"class_list":["post-158253","post","type-post","status-publish","format-standard","has-post-thumbnail","hentry","category-politica"],"featured_image_urls":{"full":"","thumbnail":"","medium":"","medium_large":"","large":"","1536x1536":"","2048x2048":"","newsium-slider-full":"","newsium-featured":"","newsium-medium":""},"author_info":{"info":["c1500921"]},"category_info":"<a href=\"https:\/\/radiofenix.com.ar\/2023\/category\/politica\/\" rel=\"category tag\">Pol\u00edtica<\/a>","tag_info":"Pol\u00edtica","comment_count":"0","_links":{"self":[{"href":"https:\/\/radiofenix.com.ar\/2023\/wp-json\/wp\/v2\/posts\/158253","targetHints":{"allow":["GET"]}}],"collection":[{"href":"https:\/\/radiofenix.com.ar\/2023\/wp-json\/wp\/v2\/posts"}],"about":[{"href":"https:\/\/radiofenix.com.ar\/2023\/wp-json\/wp\/v2\/types\/post"}],"author":[{"embeddable":true,"href":"https:\/\/radiofenix.com.ar\/2023\/wp-json\/wp\/v2\/users\/2"}],"replies":[{"embeddable":true,"href":"https:\/\/radiofenix.com.ar\/2023\/wp-json\/wp\/v2\/comments?post=158253"}],"version-history":[{"count":0,"href":"https:\/\/radiofenix.com.ar\/2023\/wp-json\/wp\/v2\/posts\/158253\/revisions"}],"wp:featuredmedia":[{"embeddable":true,"href":"https:\/\/radiofenix.com.ar\/2023\/wp-json\/"}],"wp:attachment":[{"href":"https:\/\/radiofenix.com.ar\/2023\/wp-json\/wp\/v2\/media?parent=158253"}],"wp:term":[{"taxonomy":"category","embeddable":true,"href":"https:\/\/radiofenix.com.ar\/2023\/wp-json\/wp\/v2\/categories?post=158253"},{"taxonomy":"post_tag","embeddable":true,"href":"https:\/\/radiofenix.com.ar\/2023\/wp-json\/wp\/v2\/tags?post=158253"}],"curies":[{"name":"wp","href":"https:\/\/api.w.org\/{rel}","templated":true}]}}