{"id":158299,"date":"2023-01-07T20:26:00","date_gmt":"2023-01-07T20:26:00","guid":{"rendered":"http:\/\/radiofenix.com.ar\/el-apoyo-a-los-tambos-fue-definido-en-consenso-con-el-sector-dijo-director-del-area\/"},"modified":"2023-01-07T20:26:00","modified_gmt":"2023-01-07T20:26:00","slug":"el-apoyo-a-los-tambos-fue-definido-en-consenso-con-el-sector-dijo-director-del-area","status":"publish","type":"post","link":"https:\/\/radiofenix.com.ar\/2023\/el-apoyo-a-los-tambos-fue-definido-en-consenso-con-el-sector-dijo-director-del-area\/","title":{"rendered":"\u00abEl apoyo a los tambos fue definido en consenso con el sector\u00bb, dijo director del \u00e1rea"},"content":{"rendered":"<p>En el marco de un programa espec\u00edfico lanzado este a\u00f1o se brindar\u00e1 apoyo a lo productores lecheros, en funci\u00f3n de las dificultades sufridas a causa de la sequ\u00eda y a fin de favorecer a productores y consumidores.\u00a0<\/p>\n","protected":false},"excerpt":{"rendered":"<p>En el marco de un programa espec\u00edfico lanzado este a\u00f1o se brindar\u00e1 apoyo a lo&#8230;<\/p>\n","protected":false},"author":2,"featured_media":158300,"comment_status":"open","ping_status":"open","sticky":false,"template":"","format":"standard","meta":{"footnotes":""},"categories":[5],"tags":[],"class_list":["post-158299","post","type-post","status-publish","format-standard","has-post-thumbnail","hentry","category-economia"],"featured_image_urls":{"full":"","thumbnail":"","medium":"","medium_large":"","large":"","1536x1536":"","2048x2048":"","newsium-slider-full":"","newsium-featured":"","newsium-medium":""},"author_info":{"info":["c1500921"]},"category_info":"<a href=\"https:\/\/radiofenix.com.ar\/2023\/category\/economia\/\" rel=\"category tag\">Economia<\/a>","tag_info":"Economia","comment_count":"0","_links":{"self":[{"href":"https:\/\/radiofenix.com.ar\/2023\/wp-json\/wp\/v2\/posts\/158299","targetHints":{"allow":["GET"]}}],"collection":[{"href":"https:\/\/radiofenix.com.ar\/2023\/wp-json\/wp\/v2\/posts"}],"about":[{"href":"https:\/\/radiofenix.com.ar\/2023\/wp-json\/wp\/v2\/types\/post"}],"author":[{"embeddable":true,"href":"https:\/\/radiofenix.com.ar\/2023\/wp-json\/wp\/v2\/users\/2"}],"replies":[{"embeddable":true,"href":"https:\/\/radiofenix.com.ar\/2023\/wp-json\/wp\/v2\/comments?post=158299"}],"version-history":[{"count":0,"href":"https:\/\/radiofenix.com.ar\/2023\/wp-json\/wp\/v2\/posts\/158299\/revisions"}],"wp:featuredmedia":[{"embeddable":true,"href":"https:\/\/radiofenix.com.ar\/2023\/wp-json\/"}],"wp:attachment":[{"href":"https:\/\/radiofenix.com.ar\/2023\/wp-json\/wp\/v2\/media?parent=158299"}],"wp:term":[{"taxonomy":"category","embeddable":true,"href":"https:\/\/radiofenix.com.ar\/2023\/wp-json\/wp\/v2\/categories?post=158299"},{"taxonomy":"post_tag","embeddable":true,"href":"https:\/\/radiofenix.com.ar\/2023\/wp-json\/wp\/v2\/tags?post=158299"}],"curies":[{"name":"wp","href":"https:\/\/api.w.org\/{rel}","templated":true}]}}