{"id":158345,"date":"2023-01-08T16:04:34","date_gmt":"2023-01-08T16:04:34","guid":{"rendered":"http:\/\/radiofenix.com.ar\/visita-del-canciller-aleman-y-celac-intensa-agenda-exterior-de-alberto-fernandez\/"},"modified":"2023-01-08T16:04:34","modified_gmt":"2023-01-08T16:04:34","slug":"visita-del-canciller-aleman-y-celac-intensa-agenda-exterior-de-alberto-fernandez","status":"publish","type":"post","link":"https:\/\/radiofenix.com.ar\/2023\/visita-del-canciller-aleman-y-celac-intensa-agenda-exterior-de-alberto-fernandez\/","title":{"rendered":"Visita del canciller alem\u00e1n y Celac: intensa agenda exterior de Alberto Fern\u00e1ndez"},"content":{"rendered":"<p>Fern\u00e1ndez recibir\u00e1 a fines de enero a Scholz. Antes vendr\u00e1 el flamante mandatario de Brasil, Luiz In\u00e1cio Lula Da Silva\u00a0en lo que ser\u00e1 la primera visita de Estado del l\u00edder del Partido de los Trabajadores (PT) desde su asunci\u00f3n al frente del Palacio del Planalto, y que significar\u00e1 el relanzamiento formal de la estrat\u00e9gica relaci\u00f3n bilateral con el principal socio comercial de Argentina en el Mercosur.Fern\u00e1ndez recibir\u00e1 a fines de enero a Scholz. Antes vendr\u00e1 el flamante mandatario de Brasil, Luiz In\u00e1cio Lula Da Silva\u00a0en lo que ser\u00e1 la primera visita de Estado del l\u00edder del Partido de los Trabajadores (PT) desde su asunci\u00f3n al frente del Palacio del Planalto, y que significar\u00e1 el relanzamiento formal de la estrat\u00e9gica relaci\u00f3n bilateral con el principal socio comercial de Argentina en el Mercosur.<\/p>\n","protected":false},"excerpt":{"rendered":"<p>Fern\u00e1ndez recibir\u00e1 a fines de enero a Scholz. Antes vendr\u00e1 el flamante mandatario de Brasil,&#8230;<\/p>\n","protected":false},"author":2,"featured_media":158346,"comment_status":"open","ping_status":"open","sticky":false,"template":"","format":"standard","meta":{"footnotes":""},"categories":[2],"tags":[],"class_list":["post-158345","post","type-post","status-publish","format-standard","has-post-thumbnail","hentry","category-politica"],"featured_image_urls":{"full":"","thumbnail":"","medium":"","medium_large":"","large":"","1536x1536":"","2048x2048":"","newsium-slider-full":"","newsium-featured":"","newsium-medium":""},"author_info":{"info":["c1500921"]},"category_info":"<a href=\"https:\/\/radiofenix.com.ar\/2023\/category\/politica\/\" rel=\"category tag\">Pol\u00edtica<\/a>","tag_info":"Pol\u00edtica","comment_count":"0","_links":{"self":[{"href":"https:\/\/radiofenix.com.ar\/2023\/wp-json\/wp\/v2\/posts\/158345","targetHints":{"allow":["GET"]}}],"collection":[{"href":"https:\/\/radiofenix.com.ar\/2023\/wp-json\/wp\/v2\/posts"}],"about":[{"href":"https:\/\/radiofenix.com.ar\/2023\/wp-json\/wp\/v2\/types\/post"}],"author":[{"embeddable":true,"href":"https:\/\/radiofenix.com.ar\/2023\/wp-json\/wp\/v2\/users\/2"}],"replies":[{"embeddable":true,"href":"https:\/\/radiofenix.com.ar\/2023\/wp-json\/wp\/v2\/comments?post=158345"}],"version-history":[{"count":0,"href":"https:\/\/radiofenix.com.ar\/2023\/wp-json\/wp\/v2\/posts\/158345\/revisions"}],"wp:featuredmedia":[{"embeddable":true,"href":"https:\/\/radiofenix.com.ar\/2023\/wp-json\/"}],"wp:attachment":[{"href":"https:\/\/radiofenix.com.ar\/2023\/wp-json\/wp\/v2\/media?parent=158345"}],"wp:term":[{"taxonomy":"category","embeddable":true,"href":"https:\/\/radiofenix.com.ar\/2023\/wp-json\/wp\/v2\/categories?post=158345"},{"taxonomy":"post_tag","embeddable":true,"href":"https:\/\/radiofenix.com.ar\/2023\/wp-json\/wp\/v2\/tags?post=158345"}],"curies":[{"name":"wp","href":"https:\/\/api.w.org\/{rel}","templated":true}]}}