{"id":158347,"date":"2023-01-08T16:04:35","date_gmt":"2023-01-08T16:04:35","guid":{"rendered":"http:\/\/radiofenix.com.ar\/rodriguez-saa-anuncio-que-jorge-fernandez-sera-candidato-a-gobernador-por-el-oficialismo\/"},"modified":"2023-01-08T16:04:35","modified_gmt":"2023-01-08T16:04:35","slug":"rodriguez-saa-anuncio-que-jorge-fernandez-sera-candidato-a-gobernador-por-el-oficialismo","status":"publish","type":"post","link":"https:\/\/radiofenix.com.ar\/2023\/rodriguez-saa-anuncio-que-jorge-fernandez-sera-candidato-a-gobernador-por-el-oficialismo\/","title":{"rendered":"Rodr\u00edguez Saa anunci\u00f3 que Jorge Fern\u00e1ndez ser\u00e1 candidato a gobernador por el oficialismo"},"content":{"rendered":"<p>\u00abJorge es una persona que va a generar una gran cambio, responsable y en el momentos que fuimos adversarios pol\u00edticamente supo ser muy respetuoso y sabe escuchar&amp;rdquo;, lo present\u00f3 el gobernador de San Luis al intendente de la localidad de Tilisarao.\u00bbJorge es una persona que va a generar una gran cambio, responsable y en el momentos que fuimos adversarios pol\u00edticamente supo ser muy respetuoso y sabe escuchar&amp;rdquo;, lo present\u00f3 el gobernador de San Luis al intendente de la localidad de Tilisarao.<\/p>\n","protected":false},"excerpt":{"rendered":"<p>\u00abJorge es una persona que va a generar una gran cambio, responsable y en el&#8230;<\/p>\n","protected":false},"author":2,"featured_media":158348,"comment_status":"open","ping_status":"open","sticky":false,"template":"","format":"standard","meta":{"footnotes":""},"categories":[2],"tags":[],"class_list":["post-158347","post","type-post","status-publish","format-standard","has-post-thumbnail","hentry","category-politica"],"featured_image_urls":{"full":"","thumbnail":"","medium":"","medium_large":"","large":"","1536x1536":"","2048x2048":"","newsium-slider-full":"","newsium-featured":"","newsium-medium":""},"author_info":{"info":["c1500921"]},"category_info":"<a href=\"https:\/\/radiofenix.com.ar\/2023\/category\/politica\/\" rel=\"category tag\">Pol\u00edtica<\/a>","tag_info":"Pol\u00edtica","comment_count":"0","_links":{"self":[{"href":"https:\/\/radiofenix.com.ar\/2023\/wp-json\/wp\/v2\/posts\/158347","targetHints":{"allow":["GET"]}}],"collection":[{"href":"https:\/\/radiofenix.com.ar\/2023\/wp-json\/wp\/v2\/posts"}],"about":[{"href":"https:\/\/radiofenix.com.ar\/2023\/wp-json\/wp\/v2\/types\/post"}],"author":[{"embeddable":true,"href":"https:\/\/radiofenix.com.ar\/2023\/wp-json\/wp\/v2\/users\/2"}],"replies":[{"embeddable":true,"href":"https:\/\/radiofenix.com.ar\/2023\/wp-json\/wp\/v2\/comments?post=158347"}],"version-history":[{"count":0,"href":"https:\/\/radiofenix.com.ar\/2023\/wp-json\/wp\/v2\/posts\/158347\/revisions"}],"wp:featuredmedia":[{"embeddable":true,"href":"https:\/\/radiofenix.com.ar\/2023\/wp-json\/"}],"wp:attachment":[{"href":"https:\/\/radiofenix.com.ar\/2023\/wp-json\/wp\/v2\/media?parent=158347"}],"wp:term":[{"taxonomy":"category","embeddable":true,"href":"https:\/\/radiofenix.com.ar\/2023\/wp-json\/wp\/v2\/categories?post=158347"},{"taxonomy":"post_tag","embeddable":true,"href":"https:\/\/radiofenix.com.ar\/2023\/wp-json\/wp\/v2\/tags?post=158347"}],"curies":[{"name":"wp","href":"https:\/\/api.w.org\/{rel}","templated":true}]}}