{"id":158375,"date":"2023-01-08T19:04:40","date_gmt":"2023-01-08T19:04:40","guid":{"rendered":"http:\/\/radiofenix.com.ar\/el-control-de-la-politica-economica-trasfondo-de-los-juicios-a-miembros-de-la-corte\/"},"modified":"2023-01-08T19:04:40","modified_gmt":"2023-01-08T19:04:40","slug":"el-control-de-la-politica-economica-trasfondo-de-los-juicios-a-miembros-de-la-corte","status":"publish","type":"post","link":"https:\/\/radiofenix.com.ar\/2023\/el-control-de-la-politica-economica-trasfondo-de-los-juicios-a-miembros-de-la-corte\/","title":{"rendered":"El control de la pol\u00edtica econ\u00f3mica, trasfondo de los juicios a miembros de la Corte"},"content":{"rendered":"<p>En la historia argentina solo se solicit\u00f3 un proceso contra integrantes del supremo tribunal en dos ocasiones: fue durante los gobiernos de Juan Domingo Per\u00f3n y N\u00e9stor Kirchner.\u00a0En la historia argentina solo se solicit\u00f3 un proceso contra integrantes del supremo tribunal en dos ocasiones: fue durante los gobiernos de Juan Domingo Per\u00f3n y N\u00e9stor Kirchner.\u00a0<\/p>\n","protected":false},"excerpt":{"rendered":"<p>En la historia argentina solo se solicit\u00f3 un proceso contra integrantes del supremo tribunal en&#8230;<\/p>\n","protected":false},"author":2,"featured_media":158376,"comment_status":"open","ping_status":"open","sticky":false,"template":"","format":"standard","meta":{"footnotes":""},"categories":[2],"tags":[],"class_list":["post-158375","post","type-post","status-publish","format-standard","has-post-thumbnail","hentry","category-politica"],"featured_image_urls":{"full":"","thumbnail":"","medium":"","medium_large":"","large":"","1536x1536":"","2048x2048":"","newsium-slider-full":"","newsium-featured":"","newsium-medium":""},"author_info":{"info":["c1500921"]},"category_info":"<a href=\"https:\/\/radiofenix.com.ar\/2023\/category\/politica\/\" rel=\"category tag\">Pol\u00edtica<\/a>","tag_info":"Pol\u00edtica","comment_count":"0","_links":{"self":[{"href":"https:\/\/radiofenix.com.ar\/2023\/wp-json\/wp\/v2\/posts\/158375","targetHints":{"allow":["GET"]}}],"collection":[{"href":"https:\/\/radiofenix.com.ar\/2023\/wp-json\/wp\/v2\/posts"}],"about":[{"href":"https:\/\/radiofenix.com.ar\/2023\/wp-json\/wp\/v2\/types\/post"}],"author":[{"embeddable":true,"href":"https:\/\/radiofenix.com.ar\/2023\/wp-json\/wp\/v2\/users\/2"}],"replies":[{"embeddable":true,"href":"https:\/\/radiofenix.com.ar\/2023\/wp-json\/wp\/v2\/comments?post=158375"}],"version-history":[{"count":0,"href":"https:\/\/radiofenix.com.ar\/2023\/wp-json\/wp\/v2\/posts\/158375\/revisions"}],"wp:featuredmedia":[{"embeddable":true,"href":"https:\/\/radiofenix.com.ar\/2023\/wp-json\/"}],"wp:attachment":[{"href":"https:\/\/radiofenix.com.ar\/2023\/wp-json\/wp\/v2\/media?parent=158375"}],"wp:term":[{"taxonomy":"category","embeddable":true,"href":"https:\/\/radiofenix.com.ar\/2023\/wp-json\/wp\/v2\/categories?post=158375"},{"taxonomy":"post_tag","embeddable":true,"href":"https:\/\/radiofenix.com.ar\/2023\/wp-json\/wp\/v2\/tags?post=158375"}],"curies":[{"name":"wp","href":"https:\/\/api.w.org\/{rel}","templated":true}]}}