{"id":158385,"date":"2023-01-08T21:04:31","date_gmt":"2023-01-08T21:04:31","guid":{"rendered":"http:\/\/radiofenix.com.ar\/el-fascismo-decidio-dar-un-golpe-en-brasil-dijo-el-presidente-de-colombia\/"},"modified":"2023-01-08T21:04:31","modified_gmt":"2023-01-08T21:04:31","slug":"el-fascismo-decidio-dar-un-golpe-en-brasil-dijo-el-presidente-de-colombia","status":"publish","type":"post","link":"https:\/\/radiofenix.com.ar\/2023\/el-fascismo-decidio-dar-un-golpe-en-brasil-dijo-el-presidente-de-colombia\/","title":{"rendered":"\u201cEl fascismo\u201d decidi\u00f3 \u201cdar un golpe\u201d en Brasil, dijo el presidente de Colombia"},"content":{"rendered":"<p>El mandatario colombiano pidi\u00f3 que la OEA aplique la Carta Democr\u00e1tica en Brasil.El mandatario colombiano pidi\u00f3 que la OEA aplique la Carta Democr\u00e1tica en Brasil.<\/p>\n","protected":false},"excerpt":{"rendered":"<p>El mandatario colombiano pidi\u00f3 que la OEA aplique la Carta Democr\u00e1tica en Brasil.El mandatario colombiano&#8230;<\/p>\n","protected":false},"author":2,"featured_media":158386,"comment_status":"open","ping_status":"open","sticky":false,"template":"","format":"standard","meta":{"footnotes":""},"categories":[2],"tags":[],"class_list":["post-158385","post","type-post","status-publish","format-standard","has-post-thumbnail","hentry","category-politica"],"featured_image_urls":{"full":"","thumbnail":"","medium":"","medium_large":"","large":"","1536x1536":"","2048x2048":"","newsium-slider-full":"","newsium-featured":"","newsium-medium":""},"author_info":{"info":["c1500921"]},"category_info":"<a href=\"https:\/\/radiofenix.com.ar\/2023\/category\/politica\/\" rel=\"category tag\">Pol\u00edtica<\/a>","tag_info":"Pol\u00edtica","comment_count":"0","_links":{"self":[{"href":"https:\/\/radiofenix.com.ar\/2023\/wp-json\/wp\/v2\/posts\/158385","targetHints":{"allow":["GET"]}}],"collection":[{"href":"https:\/\/radiofenix.com.ar\/2023\/wp-json\/wp\/v2\/posts"}],"about":[{"href":"https:\/\/radiofenix.com.ar\/2023\/wp-json\/wp\/v2\/types\/post"}],"author":[{"embeddable":true,"href":"https:\/\/radiofenix.com.ar\/2023\/wp-json\/wp\/v2\/users\/2"}],"replies":[{"embeddable":true,"href":"https:\/\/radiofenix.com.ar\/2023\/wp-json\/wp\/v2\/comments?post=158385"}],"version-history":[{"count":0,"href":"https:\/\/radiofenix.com.ar\/2023\/wp-json\/wp\/v2\/posts\/158385\/revisions"}],"wp:featuredmedia":[{"embeddable":true,"href":"https:\/\/radiofenix.com.ar\/2023\/wp-json\/"}],"wp:attachment":[{"href":"https:\/\/radiofenix.com.ar\/2023\/wp-json\/wp\/v2\/media?parent=158385"}],"wp:term":[{"taxonomy":"category","embeddable":true,"href":"https:\/\/radiofenix.com.ar\/2023\/wp-json\/wp\/v2\/categories?post=158385"},{"taxonomy":"post_tag","embeddable":true,"href":"https:\/\/radiofenix.com.ar\/2023\/wp-json\/wp\/v2\/tags?post=158385"}],"curies":[{"name":"wp","href":"https:\/\/api.w.org\/{rel}","templated":true}]}}