{"id":158397,"date":"2023-01-08T23:04:15","date_gmt":"2023-01-08T23:04:15","guid":{"rendered":"http:\/\/radiofenix.com.ar\/taiana-condeno-el-violento-asalto-en-brasil-y-destaco-la-firme-reaccion-de-lula\/"},"modified":"2023-01-08T23:04:15","modified_gmt":"2023-01-08T23:04:15","slug":"taiana-condeno-el-violento-asalto-en-brasil-y-destaco-la-firme-reaccion-de-lula","status":"publish","type":"post","link":"https:\/\/radiofenix.com.ar\/2023\/taiana-condeno-el-violento-asalto-en-brasil-y-destaco-la-firme-reaccion-de-lula\/","title":{"rendered":"Taiana conden\u00f3 el \u00abviolento asalto\u00bb en Brasil y destac\u00f3 la \u00abfirme reacci\u00f3n\u00bb de Lula"},"content":{"rendered":"<p>Tras la toma por parte de manifestantes bolsonaristas de los tres poderes p\u00fablicos en la capital del pa\u00eds vecino, el ministro de Defensa repudi\u00f3 \u00aben\u00e9rgicamente\u00bb el ataque a las instituciones y destac\u00f3 la respuesta del mandatario\u00a0Luiz In\u00e1cio Lula da Silva \u00aben defensa de la democracia\u00bb.Tras la toma por parte de manifestantes bolsonaristas de los tres poderes p\u00fablicos en la capital del pa\u00eds vecino, el ministro de Defensa repudi\u00f3 \u00aben\u00e9rgicamente\u00bb el ataque a las instituciones y destac\u00f3 la respuesta del mandatario\u00a0Luiz In\u00e1cio Lula da Silva \u00aben defensa de la democracia\u00bb.<\/p>\n","protected":false},"excerpt":{"rendered":"<p>Tras la toma por parte de manifestantes bolsonaristas de los tres poderes p\u00fablicos en la&#8230;<\/p>\n","protected":false},"author":2,"featured_media":158398,"comment_status":"open","ping_status":"open","sticky":false,"template":"","format":"standard","meta":{"footnotes":""},"categories":[2],"tags":[],"class_list":["post-158397","post","type-post","status-publish","format-standard","has-post-thumbnail","hentry","category-politica"],"featured_image_urls":{"full":"","thumbnail":"","medium":"","medium_large":"","large":"","1536x1536":"","2048x2048":"","newsium-slider-full":"","newsium-featured":"","newsium-medium":""},"author_info":{"info":["c1500921"]},"category_info":"<a href=\"https:\/\/radiofenix.com.ar\/2023\/category\/politica\/\" rel=\"category tag\">Pol\u00edtica<\/a>","tag_info":"Pol\u00edtica","comment_count":"0","_links":{"self":[{"href":"https:\/\/radiofenix.com.ar\/2023\/wp-json\/wp\/v2\/posts\/158397","targetHints":{"allow":["GET"]}}],"collection":[{"href":"https:\/\/radiofenix.com.ar\/2023\/wp-json\/wp\/v2\/posts"}],"about":[{"href":"https:\/\/radiofenix.com.ar\/2023\/wp-json\/wp\/v2\/types\/post"}],"author":[{"embeddable":true,"href":"https:\/\/radiofenix.com.ar\/2023\/wp-json\/wp\/v2\/users\/2"}],"replies":[{"embeddable":true,"href":"https:\/\/radiofenix.com.ar\/2023\/wp-json\/wp\/v2\/comments?post=158397"}],"version-history":[{"count":0,"href":"https:\/\/radiofenix.com.ar\/2023\/wp-json\/wp\/v2\/posts\/158397\/revisions"}],"wp:featuredmedia":[{"embeddable":true,"href":"https:\/\/radiofenix.com.ar\/2023\/wp-json\/"}],"wp:attachment":[{"href":"https:\/\/radiofenix.com.ar\/2023\/wp-json\/wp\/v2\/media?parent=158397"}],"wp:term":[{"taxonomy":"category","embeddable":true,"href":"https:\/\/radiofenix.com.ar\/2023\/wp-json\/wp\/v2\/categories?post=158397"},{"taxonomy":"post_tag","embeddable":true,"href":"https:\/\/radiofenix.com.ar\/2023\/wp-json\/wp\/v2\/tags?post=158397"}],"curies":[{"name":"wp","href":"https:\/\/api.w.org\/{rel}","templated":true}]}}