{"id":158407,"date":"2023-01-09T00:04:16","date_gmt":"2023-01-09T00:04:16","guid":{"rendered":"http:\/\/radiofenix.com.ar\/madres-de-plaza-de-mayo-repudia-el-intento-de-golpe-en-brasil\/"},"modified":"2023-01-09T00:04:16","modified_gmt":"2023-01-09T00:04:16","slug":"madres-de-plaza-de-mayo-repudia-el-intento-de-golpe-en-brasil","status":"publish","type":"post","link":"https:\/\/radiofenix.com.ar\/2023\/madres-de-plaza-de-mayo-repudia-el-intento-de-golpe-en-brasil\/","title":{"rendered":"Madres de Plaza de Mayo repudia el intento de golpe en Brasil"},"content":{"rendered":"<p>A trav\u00e9s de un comunicado, el organismo de derechos humanos conden\u00f3 los hechos ocurridos este domingo en la capital del pa\u00eds vecino, donde miles de simpatizantes del exmandatario Jair Bolsonaro invadieron el Congreso, el Planalto y la Corte.A trav\u00e9s de un comunicado, el organismo de derechos humanos conden\u00f3 los hechos ocurridos este domingo en la capital del pa\u00eds vecino, donde miles de simpatizantes del exmandatario Jair Bolsonaro invadieron el Congreso, el Planalto y la Corte.<\/p>\n","protected":false},"excerpt":{"rendered":"<p>A trav\u00e9s de un comunicado, el organismo de derechos humanos conden\u00f3 los hechos ocurridos este&#8230;<\/p>\n","protected":false},"author":2,"featured_media":158408,"comment_status":"open","ping_status":"open","sticky":false,"template":"","format":"standard","meta":{"footnotes":""},"categories":[2],"tags":[],"class_list":["post-158407","post","type-post","status-publish","format-standard","has-post-thumbnail","hentry","category-politica"],"featured_image_urls":{"full":"","thumbnail":"","medium":"","medium_large":"","large":"","1536x1536":"","2048x2048":"","newsium-slider-full":"","newsium-featured":"","newsium-medium":""},"author_info":{"info":["c1500921"]},"category_info":"<a href=\"https:\/\/radiofenix.com.ar\/2023\/category\/politica\/\" rel=\"category tag\">Pol\u00edtica<\/a>","tag_info":"Pol\u00edtica","comment_count":"0","_links":{"self":[{"href":"https:\/\/radiofenix.com.ar\/2023\/wp-json\/wp\/v2\/posts\/158407","targetHints":{"allow":["GET"]}}],"collection":[{"href":"https:\/\/radiofenix.com.ar\/2023\/wp-json\/wp\/v2\/posts"}],"about":[{"href":"https:\/\/radiofenix.com.ar\/2023\/wp-json\/wp\/v2\/types\/post"}],"author":[{"embeddable":true,"href":"https:\/\/radiofenix.com.ar\/2023\/wp-json\/wp\/v2\/users\/2"}],"replies":[{"embeddable":true,"href":"https:\/\/radiofenix.com.ar\/2023\/wp-json\/wp\/v2\/comments?post=158407"}],"version-history":[{"count":0,"href":"https:\/\/radiofenix.com.ar\/2023\/wp-json\/wp\/v2\/posts\/158407\/revisions"}],"wp:featuredmedia":[{"embeddable":true,"href":"https:\/\/radiofenix.com.ar\/2023\/wp-json\/"}],"wp:attachment":[{"href":"https:\/\/radiofenix.com.ar\/2023\/wp-json\/wp\/v2\/media?parent=158407"}],"wp:term":[{"taxonomy":"category","embeddable":true,"href":"https:\/\/radiofenix.com.ar\/2023\/wp-json\/wp\/v2\/categories?post=158407"},{"taxonomy":"post_tag","embeddable":true,"href":"https:\/\/radiofenix.com.ar\/2023\/wp-json\/wp\/v2\/tags?post=158407"}],"curies":[{"name":"wp","href":"https:\/\/api.w.org\/{rel}","templated":true}]}}