{"id":158409,"date":"2023-01-09T00:04:17","date_gmt":"2023-01-09T00:04:17","guid":{"rendered":"http:\/\/radiofenix.com.ar\/los-que-se-levantaron-contra-la-democracia-en-brasil-y-financiaron-deben-ser-castigados-2\/"},"modified":"2023-01-09T00:04:17","modified_gmt":"2023-01-09T00:04:17","slug":"los-que-se-levantaron-contra-la-democracia-en-brasil-y-financiaron-deben-ser-castigados-2","status":"publish","type":"post","link":"https:\/\/radiofenix.com.ar\/2023\/los-que-se-levantaron-contra-la-democracia-en-brasil-y-financiaron-deben-ser-castigados-2\/","title":{"rendered":"\u00abLos que se levantaron contra la democracia en Brasil y financiaron deben ser castigados\u00bb"},"content":{"rendered":"<p>El mandatario argentino expres\u00f3 su apoyo a su par brasile\u00f1o tras el ataque de partidarios bolsonaristas al Congreso de Brasil y conden\u00f3 a quienes participaron del intento del golpe y quienes lo promovieron.\u00a0El mandatario argentino expres\u00f3 su apoyo a su par brasile\u00f1o tras el ataque de partidarios bolsonaristas al Congreso de Brasil y conden\u00f3 a quienes participaron del intento del golpe y quienes lo promovieron.\u00a0<\/p>\n","protected":false},"excerpt":{"rendered":"<p>El mandatario argentino expres\u00f3 su apoyo a su par brasile\u00f1o tras el ataque de partidarios&#8230;<\/p>\n","protected":false},"author":2,"featured_media":158410,"comment_status":"open","ping_status":"open","sticky":false,"template":"","format":"standard","meta":{"footnotes":""},"categories":[2],"tags":[],"class_list":["post-158409","post","type-post","status-publish","format-standard","has-post-thumbnail","hentry","category-politica"],"featured_image_urls":{"full":"","thumbnail":"","medium":"","medium_large":"","large":"","1536x1536":"","2048x2048":"","newsium-slider-full":"","newsium-featured":"","newsium-medium":""},"author_info":{"info":["c1500921"]},"category_info":"<a href=\"https:\/\/radiofenix.com.ar\/2023\/category\/politica\/\" rel=\"category tag\">Pol\u00edtica<\/a>","tag_info":"Pol\u00edtica","comment_count":"0","_links":{"self":[{"href":"https:\/\/radiofenix.com.ar\/2023\/wp-json\/wp\/v2\/posts\/158409","targetHints":{"allow":["GET"]}}],"collection":[{"href":"https:\/\/radiofenix.com.ar\/2023\/wp-json\/wp\/v2\/posts"}],"about":[{"href":"https:\/\/radiofenix.com.ar\/2023\/wp-json\/wp\/v2\/types\/post"}],"author":[{"embeddable":true,"href":"https:\/\/radiofenix.com.ar\/2023\/wp-json\/wp\/v2\/users\/2"}],"replies":[{"embeddable":true,"href":"https:\/\/radiofenix.com.ar\/2023\/wp-json\/wp\/v2\/comments?post=158409"}],"version-history":[{"count":0,"href":"https:\/\/radiofenix.com.ar\/2023\/wp-json\/wp\/v2\/posts\/158409\/revisions"}],"wp:featuredmedia":[{"embeddable":true,"href":"https:\/\/radiofenix.com.ar\/2023\/wp-json\/"}],"wp:attachment":[{"href":"https:\/\/radiofenix.com.ar\/2023\/wp-json\/wp\/v2\/media?parent=158409"}],"wp:term":[{"taxonomy":"category","embeddable":true,"href":"https:\/\/radiofenix.com.ar\/2023\/wp-json\/wp\/v2\/categories?post=158409"},{"taxonomy":"post_tag","embeddable":true,"href":"https:\/\/radiofenix.com.ar\/2023\/wp-json\/wp\/v2\/tags?post=158409"}],"curies":[{"name":"wp","href":"https:\/\/api.w.org\/{rel}","templated":true}]}}