{"id":158413,"date":"2023-01-09T00:04:19","date_gmt":"2023-01-09T00:04:19","guid":{"rendered":"http:\/\/radiofenix.com.ar\/julian-alvarez-marco-y-brillo-en-la-goleada-del-manchester-city-al-chelsea-2\/"},"modified":"2023-01-09T00:04:19","modified_gmt":"2023-01-09T00:04:19","slug":"julian-alvarez-marco-y-brillo-en-la-goleada-del-manchester-city-al-chelsea-2","status":"publish","type":"post","link":"https:\/\/radiofenix.com.ar\/2023\/julian-alvarez-marco-y-brillo-en-la-goleada-del-manchester-city-al-chelsea-2\/","title":{"rendered":"Juli\u00e1n \u00c1lvarez marc\u00f3 y brill\u00f3 en la goleada del Manchester City al Chelsea"},"content":{"rendered":"<p>La \u00abAra\u00f1a\u00bb jug\u00f3 de titular y convirti\u00f3 un penal con un remate bajo, pegado al poste derecho, que venci\u00f3 al arquero espa\u00f1ol Kepa Arrizabalaga para anotar el segundo tanto del City, que venci\u00f3 por 4 a 0 al conjunto londinense.\u00a0<\/p>\n","protected":false},"excerpt":{"rendered":"<p>La \u00abAra\u00f1a\u00bb jug\u00f3 de titular y convirti\u00f3 un penal con un remate bajo, pegado al&#8230;<\/p>\n","protected":false},"author":2,"featured_media":158414,"comment_status":"open","ping_status":"open","sticky":false,"template":"","format":"standard","meta":{"footnotes":""},"categories":[3],"tags":[],"class_list":["post-158413","post","type-post","status-publish","format-standard","has-post-thumbnail","hentry","category-deportes"],"featured_image_urls":{"full":"","thumbnail":"","medium":"","medium_large":"","large":"","1536x1536":"","2048x2048":"","newsium-slider-full":"","newsium-featured":"","newsium-medium":""},"author_info":{"info":["c1500921"]},"category_info":"<a href=\"https:\/\/radiofenix.com.ar\/2023\/category\/deportes\/\" rel=\"category tag\">Deportes<\/a>","tag_info":"Deportes","comment_count":"0","_links":{"self":[{"href":"https:\/\/radiofenix.com.ar\/2023\/wp-json\/wp\/v2\/posts\/158413","targetHints":{"allow":["GET"]}}],"collection":[{"href":"https:\/\/radiofenix.com.ar\/2023\/wp-json\/wp\/v2\/posts"}],"about":[{"href":"https:\/\/radiofenix.com.ar\/2023\/wp-json\/wp\/v2\/types\/post"}],"author":[{"embeddable":true,"href":"https:\/\/radiofenix.com.ar\/2023\/wp-json\/wp\/v2\/users\/2"}],"replies":[{"embeddable":true,"href":"https:\/\/radiofenix.com.ar\/2023\/wp-json\/wp\/v2\/comments?post=158413"}],"version-history":[{"count":0,"href":"https:\/\/radiofenix.com.ar\/2023\/wp-json\/wp\/v2\/posts\/158413\/revisions"}],"wp:featuredmedia":[{"embeddable":true,"href":"https:\/\/radiofenix.com.ar\/2023\/wp-json\/"}],"wp:attachment":[{"href":"https:\/\/radiofenix.com.ar\/2023\/wp-json\/wp\/v2\/media?parent=158413"}],"wp:term":[{"taxonomy":"category","embeddable":true,"href":"https:\/\/radiofenix.com.ar\/2023\/wp-json\/wp\/v2\/categories?post=158413"},{"taxonomy":"post_tag","embeddable":true,"href":"https:\/\/radiofenix.com.ar\/2023\/wp-json\/wp\/v2\/tags?post=158413"}],"curies":[{"name":"wp","href":"https:\/\/api.w.org\/{rel}","templated":true}]}}