{"id":158441,"date":"2023-01-09T16:05:09","date_gmt":"2023-01-09T16:05:09","guid":{"rendered":"http:\/\/radiofenix.com.ar\/brasil-embajadores-argentinos-repudiaron-actos-antidemocraticos-e-insurreccionales\/"},"modified":"2023-01-09T16:05:09","modified_gmt":"2023-01-09T16:05:09","slug":"brasil-embajadores-argentinos-repudiaron-actos-antidemocraticos-e-insurreccionales","status":"publish","type":"post","link":"https:\/\/radiofenix.com.ar\/2023\/brasil-embajadores-argentinos-repudiaron-actos-antidemocraticos-e-insurreccionales\/","title":{"rendered":"Brasil: embajadores argentinos repudiaron \u00abactos antidemocr\u00e1ticos e insurreccionales\u00bb"},"content":{"rendered":"<p>\u00abExpresamos nuestra solidaridad y apoyo al pueblo brasile\u00f1o que democr\u00e1ticamente se expres\u00f3 en las \u00faltimas elecciones por Luiz In\u00e1cio Lula da Silva como presidente de la Rep\u00fablica Federativa de Brasil\u00bb, expresaron en un comunicado. Qui\u00e9nes lo firmaron.\u00bbExpresamos nuestra solidaridad y apoyo al pueblo brasile\u00f1o que democr\u00e1ticamente se expres\u00f3 en las \u00faltimas elecciones por Luiz In\u00e1cio Lula da Silva como presidente de la Rep\u00fablica Federativa de Brasil\u00bb, expresaron en un comunicado. Qui\u00e9nes lo firmaron.<\/p>\n","protected":false},"excerpt":{"rendered":"<p>\u00abExpresamos nuestra solidaridad y apoyo al pueblo brasile\u00f1o que democr\u00e1ticamente se expres\u00f3 en las \u00faltimas&#8230;<\/p>\n","protected":false},"author":2,"featured_media":158442,"comment_status":"open","ping_status":"open","sticky":false,"template":"","format":"standard","meta":{"footnotes":""},"categories":[2],"tags":[],"class_list":["post-158441","post","type-post","status-publish","format-standard","has-post-thumbnail","hentry","category-politica"],"featured_image_urls":{"full":"","thumbnail":"","medium":"","medium_large":"","large":"","1536x1536":"","2048x2048":"","newsium-slider-full":"","newsium-featured":"","newsium-medium":""},"author_info":{"info":["c1500921"]},"category_info":"<a href=\"https:\/\/radiofenix.com.ar\/2023\/category\/politica\/\" rel=\"category tag\">Pol\u00edtica<\/a>","tag_info":"Pol\u00edtica","comment_count":"0","_links":{"self":[{"href":"https:\/\/radiofenix.com.ar\/2023\/wp-json\/wp\/v2\/posts\/158441","targetHints":{"allow":["GET"]}}],"collection":[{"href":"https:\/\/radiofenix.com.ar\/2023\/wp-json\/wp\/v2\/posts"}],"about":[{"href":"https:\/\/radiofenix.com.ar\/2023\/wp-json\/wp\/v2\/types\/post"}],"author":[{"embeddable":true,"href":"https:\/\/radiofenix.com.ar\/2023\/wp-json\/wp\/v2\/users\/2"}],"replies":[{"embeddable":true,"href":"https:\/\/radiofenix.com.ar\/2023\/wp-json\/wp\/v2\/comments?post=158441"}],"version-history":[{"count":0,"href":"https:\/\/radiofenix.com.ar\/2023\/wp-json\/wp\/v2\/posts\/158441\/revisions"}],"wp:featuredmedia":[{"embeddable":true,"href":"https:\/\/radiofenix.com.ar\/2023\/wp-json\/"}],"wp:attachment":[{"href":"https:\/\/radiofenix.com.ar\/2023\/wp-json\/wp\/v2\/media?parent=158441"}],"wp:term":[{"taxonomy":"category","embeddable":true,"href":"https:\/\/radiofenix.com.ar\/2023\/wp-json\/wp\/v2\/categories?post=158441"},{"taxonomy":"post_tag","embeddable":true,"href":"https:\/\/radiofenix.com.ar\/2023\/wp-json\/wp\/v2\/tags?post=158441"}],"curies":[{"name":"wp","href":"https:\/\/api.w.org\/{rel}","templated":true}]}}