{"id":158443,"date":"2023-01-09T16:05:10","date_gmt":"2023-01-09T16:05:10","guid":{"rendered":"http:\/\/radiofenix.com.ar\/taiana-sobre-brasil-fue-un-intento-de-golpe-a-traves-de-fuerzas-de-choque-muy-violentas\/"},"modified":"2023-01-09T16:05:10","modified_gmt":"2023-01-09T16:05:10","slug":"taiana-sobre-brasil-fue-un-intento-de-golpe-a-traves-de-fuerzas-de-choque-muy-violentas","status":"publish","type":"post","link":"https:\/\/radiofenix.com.ar\/2023\/taiana-sobre-brasil-fue-un-intento-de-golpe-a-traves-de-fuerzas-de-choque-muy-violentas\/","title":{"rendered":"Taiana sobre Brasil: \u00abFue un intento de golpe a trav\u00e9s de fuerzas de choque muy violentas\u00bb"},"content":{"rendered":"<p>El ministro de Defensa\u00a0se\u00f1al\u00f3 que Lula hace bien en hablar de \u00abactos terroristas e intento de golpe\u00bb porque se\u00f1alar s\u00f3lo esto \u00faltimo \u00abser\u00eda quitarle dimensi\u00f3n\u00bb a la embestida y la organizaci\u00f3n detr\u00e1s de ello y elogi\u00f3 la reacci\u00f3n del Presidente.El ministro de Defensa\u00a0se\u00f1al\u00f3 que Lula hace bien en hablar de \u00abactos terroristas e intento de golpe\u00bb porque se\u00f1alar s\u00f3lo esto \u00faltimo \u00abser\u00eda quitarle dimensi\u00f3n\u00bb a la embestida y la organizaci\u00f3n detr\u00e1s de ello y elogi\u00f3 la reacci\u00f3n del Presidente.<\/p>\n","protected":false},"excerpt":{"rendered":"<p>El ministro de Defensa\u00a0se\u00f1al\u00f3 que Lula hace bien en hablar de \u00abactos terroristas e intento&#8230;<\/p>\n","protected":false},"author":2,"featured_media":158444,"comment_status":"open","ping_status":"open","sticky":false,"template":"","format":"standard","meta":{"footnotes":""},"categories":[2],"tags":[],"class_list":["post-158443","post","type-post","status-publish","format-standard","has-post-thumbnail","hentry","category-politica"],"featured_image_urls":{"full":"","thumbnail":"","medium":"","medium_large":"","large":"","1536x1536":"","2048x2048":"","newsium-slider-full":"","newsium-featured":"","newsium-medium":""},"author_info":{"info":["c1500921"]},"category_info":"<a href=\"https:\/\/radiofenix.com.ar\/2023\/category\/politica\/\" rel=\"category tag\">Pol\u00edtica<\/a>","tag_info":"Pol\u00edtica","comment_count":"0","_links":{"self":[{"href":"https:\/\/radiofenix.com.ar\/2023\/wp-json\/wp\/v2\/posts\/158443","targetHints":{"allow":["GET"]}}],"collection":[{"href":"https:\/\/radiofenix.com.ar\/2023\/wp-json\/wp\/v2\/posts"}],"about":[{"href":"https:\/\/radiofenix.com.ar\/2023\/wp-json\/wp\/v2\/types\/post"}],"author":[{"embeddable":true,"href":"https:\/\/radiofenix.com.ar\/2023\/wp-json\/wp\/v2\/users\/2"}],"replies":[{"embeddable":true,"href":"https:\/\/radiofenix.com.ar\/2023\/wp-json\/wp\/v2\/comments?post=158443"}],"version-history":[{"count":0,"href":"https:\/\/radiofenix.com.ar\/2023\/wp-json\/wp\/v2\/posts\/158443\/revisions"}],"wp:featuredmedia":[{"embeddable":true,"href":"https:\/\/radiofenix.com.ar\/2023\/wp-json\/"}],"wp:attachment":[{"href":"https:\/\/radiofenix.com.ar\/2023\/wp-json\/wp\/v2\/media?parent=158443"}],"wp:term":[{"taxonomy":"category","embeddable":true,"href":"https:\/\/radiofenix.com.ar\/2023\/wp-json\/wp\/v2\/categories?post=158443"},{"taxonomy":"post_tag","embeddable":true,"href":"https:\/\/radiofenix.com.ar\/2023\/wp-json\/wp\/v2\/tags?post=158443"}],"curies":[{"name":"wp","href":"https:\/\/api.w.org\/{rel}","templated":true}]}}