{"id":158447,"date":"2023-01-09T16:05:12","date_gmt":"2023-01-09T16:05:12","guid":{"rendered":"http:\/\/radiofenix.com.ar\/gigi-buffon-el-historico-arquero-italiano-jugara-ante-inter-por-la-copa-de-italia\/"},"modified":"2023-01-09T16:05:12","modified_gmt":"2023-01-09T16:05:12","slug":"gigi-buffon-el-historico-arquero-italiano-jugara-ante-inter-por-la-copa-de-italia","status":"publish","type":"post","link":"https:\/\/radiofenix.com.ar\/2023\/gigi-buffon-el-historico-arquero-italiano-jugara-ante-inter-por-la-copa-de-italia\/","title":{"rendered":"\u00abGigi\u00bb Buffon, el hist\u00f3rico arquero italiano jugar\u00e1 ante Inter por la Copa de Italia"},"content":{"rendered":"<p>Gianluigi de 44 a\u00f1os, regresa al arco de Parma, luego de tres meses sin jugar debido a un problema en el muslo y reci\u00e9n volvi\u00f3 a sumarse al grupo el pasado 4 de enero. Su contrato se extiende hasta el 2024.<\/p>\n","protected":false},"excerpt":{"rendered":"<p>Gianluigi de 44 a\u00f1os, regresa al arco de Parma, luego de tres meses sin jugar&#8230;<\/p>\n","protected":false},"author":2,"featured_media":158448,"comment_status":"open","ping_status":"open","sticky":false,"template":"","format":"standard","meta":{"footnotes":""},"categories":[3],"tags":[],"class_list":["post-158447","post","type-post","status-publish","format-standard","has-post-thumbnail","hentry","category-deportes"],"featured_image_urls":{"full":"","thumbnail":"","medium":"","medium_large":"","large":"","1536x1536":"","2048x2048":"","newsium-slider-full":"","newsium-featured":"","newsium-medium":""},"author_info":{"info":["c1500921"]},"category_info":"<a href=\"https:\/\/radiofenix.com.ar\/2023\/category\/deportes\/\" rel=\"category tag\">Deportes<\/a>","tag_info":"Deportes","comment_count":"0","_links":{"self":[{"href":"https:\/\/radiofenix.com.ar\/2023\/wp-json\/wp\/v2\/posts\/158447","targetHints":{"allow":["GET"]}}],"collection":[{"href":"https:\/\/radiofenix.com.ar\/2023\/wp-json\/wp\/v2\/posts"}],"about":[{"href":"https:\/\/radiofenix.com.ar\/2023\/wp-json\/wp\/v2\/types\/post"}],"author":[{"embeddable":true,"href":"https:\/\/radiofenix.com.ar\/2023\/wp-json\/wp\/v2\/users\/2"}],"replies":[{"embeddable":true,"href":"https:\/\/radiofenix.com.ar\/2023\/wp-json\/wp\/v2\/comments?post=158447"}],"version-history":[{"count":0,"href":"https:\/\/radiofenix.com.ar\/2023\/wp-json\/wp\/v2\/posts\/158447\/revisions"}],"wp:featuredmedia":[{"embeddable":true,"href":"https:\/\/radiofenix.com.ar\/2023\/wp-json\/"}],"wp:attachment":[{"href":"https:\/\/radiofenix.com.ar\/2023\/wp-json\/wp\/v2\/media?parent=158447"}],"wp:term":[{"taxonomy":"category","embeddable":true,"href":"https:\/\/radiofenix.com.ar\/2023\/wp-json\/wp\/v2\/categories?post=158447"},{"taxonomy":"post_tag","embeddable":true,"href":"https:\/\/radiofenix.com.ar\/2023\/wp-json\/wp\/v2\/tags?post=158447"}],"curies":[{"name":"wp","href":"https:\/\/api.w.org\/{rel}","templated":true}]}}