{"id":158451,"date":"2023-01-09T18:04:03","date_gmt":"2023-01-09T18:04:03","guid":{"rendered":"http:\/\/radiofenix.com.ar\/cafiero-se-esta-viendo-una-radicalizacion-de-las-derechas-antidemocraticas\/"},"modified":"2023-01-09T18:04:03","modified_gmt":"2023-01-09T18:04:03","slug":"cafiero-se-esta-viendo-una-radicalizacion-de-las-derechas-antidemocraticas","status":"publish","type":"post","link":"https:\/\/radiofenix.com.ar\/2023\/cafiero-se-esta-viendo-una-radicalizacion-de-las-derechas-antidemocraticas\/","title":{"rendered":"Cafiero: \u00abSe est\u00e1 viendo una radicalizaci\u00f3n de las derechas antidemocr\u00e1ticas\u00bb"},"content":{"rendered":"<p>El Canciller estim\u00f3 que hubo una organizaci\u00f3n \u00abcon un esquema de financiamiento para avanzar en esta suerte de levantamiento con acciones violentas, adem\u00e1s de un dejar hacer de parte de la autoridad\u00bb local. La importancia creciente de la cumbre de la Celac.El Canciller estim\u00f3 que hubo una organizaci\u00f3n \u00abcon un esquema de financiamiento para avanzar en esta suerte de levantamiento con acciones violentas, adem\u00e1s de un dejar hacer de parte de la autoridad\u00bb local. La importancia creciente de la cumbre de la Celac.<\/p>\n","protected":false},"excerpt":{"rendered":"<p>El Canciller estim\u00f3 que hubo una organizaci\u00f3n \u00abcon un esquema de financiamiento para avanzar en&#8230;<\/p>\n","protected":false},"author":2,"featured_media":158452,"comment_status":"open","ping_status":"open","sticky":false,"template":"","format":"standard","meta":{"footnotes":""},"categories":[2],"tags":[],"class_list":["post-158451","post","type-post","status-publish","format-standard","has-post-thumbnail","hentry","category-politica"],"featured_image_urls":{"full":"","thumbnail":"","medium":"","medium_large":"","large":"","1536x1536":"","2048x2048":"","newsium-slider-full":"","newsium-featured":"","newsium-medium":""},"author_info":{"info":["c1500921"]},"category_info":"<a href=\"https:\/\/radiofenix.com.ar\/2023\/category\/politica\/\" rel=\"category tag\">Pol\u00edtica<\/a>","tag_info":"Pol\u00edtica","comment_count":"0","_links":{"self":[{"href":"https:\/\/radiofenix.com.ar\/2023\/wp-json\/wp\/v2\/posts\/158451","targetHints":{"allow":["GET"]}}],"collection":[{"href":"https:\/\/radiofenix.com.ar\/2023\/wp-json\/wp\/v2\/posts"}],"about":[{"href":"https:\/\/radiofenix.com.ar\/2023\/wp-json\/wp\/v2\/types\/post"}],"author":[{"embeddable":true,"href":"https:\/\/radiofenix.com.ar\/2023\/wp-json\/wp\/v2\/users\/2"}],"replies":[{"embeddable":true,"href":"https:\/\/radiofenix.com.ar\/2023\/wp-json\/wp\/v2\/comments?post=158451"}],"version-history":[{"count":0,"href":"https:\/\/radiofenix.com.ar\/2023\/wp-json\/wp\/v2\/posts\/158451\/revisions"}],"wp:featuredmedia":[{"embeddable":true,"href":"https:\/\/radiofenix.com.ar\/2023\/wp-json\/"}],"wp:attachment":[{"href":"https:\/\/radiofenix.com.ar\/2023\/wp-json\/wp\/v2\/media?parent=158451"}],"wp:term":[{"taxonomy":"category","embeddable":true,"href":"https:\/\/radiofenix.com.ar\/2023\/wp-json\/wp\/v2\/categories?post=158451"},{"taxonomy":"post_tag","embeddable":true,"href":"https:\/\/radiofenix.com.ar\/2023\/wp-json\/wp\/v2\/tags?post=158451"}],"curies":[{"name":"wp","href":"https:\/\/api.w.org\/{rel}","templated":true}]}}