{"id":158455,"date":"2023-01-09T17:22:00","date_gmt":"2023-01-09T17:22:00","guid":{"rendered":"http:\/\/radiofenix.com.ar\/las-provincias-y-caba-estan-listas-para-adherir-al-programa-de-etiquetado-de-viviendas\/"},"modified":"2023-01-09T17:22:00","modified_gmt":"2023-01-09T17:22:00","slug":"las-provincias-y-caba-estan-listas-para-adherir-al-programa-de-etiquetado-de-viviendas","status":"publish","type":"post","link":"https:\/\/radiofenix.com.ar\/2023\/las-provincias-y-caba-estan-listas-para-adherir-al-programa-de-etiquetado-de-viviendas\/","title":{"rendered":"Las provincias y CABA est\u00e1n listas para adherir al Programa de Etiquetado de Viviendas"},"content":{"rendered":"<p>Especialistas consultados por T\u00e9lam se\u00f1alaron que s\u00f3lo con una aislaci\u00f3n t\u00e9rmica adecuada se podr\u00eda \u00abahorrar hasta un 35% en el consumo de energ\u00eda y hasta un 60% en las facturas sobre la luz y el gas consumidos para climatizar un hogar\u00bb.<\/p>\n","protected":false},"excerpt":{"rendered":"<p>Especialistas consultados por T\u00e9lam se\u00f1alaron que s\u00f3lo con una aislaci\u00f3n t\u00e9rmica adecuada se podr\u00eda \u00abahorrar&#8230;<\/p>\n","protected":false},"author":2,"featured_media":158456,"comment_status":"open","ping_status":"open","sticky":false,"template":"","format":"standard","meta":{"footnotes":""},"categories":[5],"tags":[],"class_list":["post-158455","post","type-post","status-publish","format-standard","has-post-thumbnail","hentry","category-economia"],"featured_image_urls":{"full":"","thumbnail":"","medium":"","medium_large":"","large":"","1536x1536":"","2048x2048":"","newsium-slider-full":"","newsium-featured":"","newsium-medium":""},"author_info":{"info":["c1500921"]},"category_info":"<a href=\"https:\/\/radiofenix.com.ar\/2023\/category\/economia\/\" rel=\"category tag\">Economia<\/a>","tag_info":"Economia","comment_count":"0","_links":{"self":[{"href":"https:\/\/radiofenix.com.ar\/2023\/wp-json\/wp\/v2\/posts\/158455","targetHints":{"allow":["GET"]}}],"collection":[{"href":"https:\/\/radiofenix.com.ar\/2023\/wp-json\/wp\/v2\/posts"}],"about":[{"href":"https:\/\/radiofenix.com.ar\/2023\/wp-json\/wp\/v2\/types\/post"}],"author":[{"embeddable":true,"href":"https:\/\/radiofenix.com.ar\/2023\/wp-json\/wp\/v2\/users\/2"}],"replies":[{"embeddable":true,"href":"https:\/\/radiofenix.com.ar\/2023\/wp-json\/wp\/v2\/comments?post=158455"}],"version-history":[{"count":0,"href":"https:\/\/radiofenix.com.ar\/2023\/wp-json\/wp\/v2\/posts\/158455\/revisions"}],"wp:featuredmedia":[{"embeddable":true,"href":"https:\/\/radiofenix.com.ar\/2023\/wp-json\/"}],"wp:attachment":[{"href":"https:\/\/radiofenix.com.ar\/2023\/wp-json\/wp\/v2\/media?parent=158455"}],"wp:term":[{"taxonomy":"category","embeddable":true,"href":"https:\/\/radiofenix.com.ar\/2023\/wp-json\/wp\/v2\/categories?post=158455"},{"taxonomy":"post_tag","embeddable":true,"href":"https:\/\/radiofenix.com.ar\/2023\/wp-json\/wp\/v2\/tags?post=158455"}],"curies":[{"name":"wp","href":"https:\/\/api.w.org\/{rel}","templated":true}]}}