{"id":158477,"date":"2023-01-09T21:04:22","date_gmt":"2023-01-09T21:04:22","guid":{"rendered":"http:\/\/radiofenix.com.ar\/alberto-fernandez-celebro-tener-una-temporada-turistica-record-en-2022-y-2023\/"},"modified":"2023-01-09T21:04:22","modified_gmt":"2023-01-09T21:04:22","slug":"alberto-fernandez-celebro-tener-una-temporada-turistica-record-en-2022-y-2023","status":"publish","type":"post","link":"https:\/\/radiofenix.com.ar\/2023\/alberto-fernandez-celebro-tener-una-temporada-turistica-record-en-2022-y-2023\/","title":{"rendered":"Alberto Fern\u00e1ndez celebr\u00f3 tener \u00abuna temporada tur\u00edstica r\u00e9cord en 2022 y 2023\u00bb"},"content":{"rendered":"<p>Luego de visitar las instalaciones, el Presidente mantendr\u00e1 una reuni\u00f3n de trabajo junto al intendente de General Alvarado, Sebasti\u00e1n Ianantuony, empresarios y funcionarios del sector tur\u00edstico\u00a0para analizar el avance de la temporada, que se estima que movilizar\u00e1 m\u00e1s de un bill\u00f3n de pesos.Luego de visitar las instalaciones, el Presidente mantendr\u00e1 una reuni\u00f3n de trabajo junto al intendente de General Alvarado, Sebasti\u00e1n Ianantuony, empresarios y funcionarios del sector tur\u00edstico\u00a0para analizar el avance de la temporada, que se estima que movilizar\u00e1 m\u00e1s de un bill\u00f3n de pesos.<\/p>\n","protected":false},"excerpt":{"rendered":"<p>Luego de visitar las instalaciones, el Presidente mantendr\u00e1 una reuni\u00f3n de trabajo junto al intendente&#8230;<\/p>\n","protected":false},"author":2,"featured_media":158478,"comment_status":"open","ping_status":"open","sticky":false,"template":"","format":"standard","meta":{"footnotes":""},"categories":[2],"tags":[],"class_list":["post-158477","post","type-post","status-publish","format-standard","has-post-thumbnail","hentry","category-politica"],"featured_image_urls":{"full":"","thumbnail":"","medium":"","medium_large":"","large":"","1536x1536":"","2048x2048":"","newsium-slider-full":"","newsium-featured":"","newsium-medium":""},"author_info":{"info":["c1500921"]},"category_info":"<a href=\"https:\/\/radiofenix.com.ar\/2023\/category\/politica\/\" rel=\"category tag\">Pol\u00edtica<\/a>","tag_info":"Pol\u00edtica","comment_count":"0","_links":{"self":[{"href":"https:\/\/radiofenix.com.ar\/2023\/wp-json\/wp\/v2\/posts\/158477","targetHints":{"allow":["GET"]}}],"collection":[{"href":"https:\/\/radiofenix.com.ar\/2023\/wp-json\/wp\/v2\/posts"}],"about":[{"href":"https:\/\/radiofenix.com.ar\/2023\/wp-json\/wp\/v2\/types\/post"}],"author":[{"embeddable":true,"href":"https:\/\/radiofenix.com.ar\/2023\/wp-json\/wp\/v2\/users\/2"}],"replies":[{"embeddable":true,"href":"https:\/\/radiofenix.com.ar\/2023\/wp-json\/wp\/v2\/comments?post=158477"}],"version-history":[{"count":0,"href":"https:\/\/radiofenix.com.ar\/2023\/wp-json\/wp\/v2\/posts\/158477\/revisions"}],"wp:featuredmedia":[{"embeddable":true,"href":"https:\/\/radiofenix.com.ar\/2023\/wp-json\/"}],"wp:attachment":[{"href":"https:\/\/radiofenix.com.ar\/2023\/wp-json\/wp\/v2\/media?parent=158477"}],"wp:term":[{"taxonomy":"category","embeddable":true,"href":"https:\/\/radiofenix.com.ar\/2023\/wp-json\/wp\/v2\/categories?post=158477"},{"taxonomy":"post_tag","embeddable":true,"href":"https:\/\/radiofenix.com.ar\/2023\/wp-json\/wp\/v2\/tags?post=158477"}],"curies":[{"name":"wp","href":"https:\/\/api.w.org\/{rel}","templated":true}]}}