{"id":158499,"date":"2023-01-09T23:04:23","date_gmt":"2023-01-09T23:04:23","guid":{"rendered":"http:\/\/radiofenix.com.ar\/volvieron-a-postergar-la-ampliacion-de-la-indagatoria-de-nicolas-carrizo\/"},"modified":"2023-01-09T23:04:23","modified_gmt":"2023-01-09T23:04:23","slug":"volvieron-a-postergar-la-ampliacion-de-la-indagatoria-de-nicolas-carrizo","status":"publish","type":"post","link":"https:\/\/radiofenix.com.ar\/2023\/volvieron-a-postergar-la-ampliacion-de-la-indagatoria-de-nicolas-carrizo\/","title":{"rendered":"Volvieron a postergar la ampliaci\u00f3n de la indagatoria de Nicol\u00e1s Carrizo"},"content":{"rendered":"<p>La nueva postergaci\u00f3n se origin\u00f3 en un planteo de la defensa del detenido, que reclam\u00f3 que el acto procesal fuera encabezado por la jueza Mar\u00eda Eugenia Capuchetti, jueza natural de la causa, quien este lunes inici\u00f3 su licencia por vacaciones y adem\u00e1s fue recusada nuevamente por la Vicepresidenta.La nueva postergaci\u00f3n se origin\u00f3 en un planteo de la defensa del detenido, que reclam\u00f3 que el acto procesal fuera encabezado por la jueza Mar\u00eda Eugenia Capuchetti, jueza natural de la causa, quien este lunes inici\u00f3 su licencia por vacaciones y adem\u00e1s fue recusada nuevamente por la Vicepresidenta.<\/p>\n","protected":false},"excerpt":{"rendered":"<p>La nueva postergaci\u00f3n se origin\u00f3 en un planteo de la defensa del detenido, que reclam\u00f3&#8230;<\/p>\n","protected":false},"author":2,"featured_media":158500,"comment_status":"open","ping_status":"open","sticky":false,"template":"","format":"standard","meta":{"footnotes":""},"categories":[2],"tags":[],"class_list":["post-158499","post","type-post","status-publish","format-standard","has-post-thumbnail","hentry","category-politica"],"featured_image_urls":{"full":"","thumbnail":"","medium":"","medium_large":"","large":"","1536x1536":"","2048x2048":"","newsium-slider-full":"","newsium-featured":"","newsium-medium":""},"author_info":{"info":["c1500921"]},"category_info":"<a href=\"https:\/\/radiofenix.com.ar\/2023\/category\/politica\/\" rel=\"category tag\">Pol\u00edtica<\/a>","tag_info":"Pol\u00edtica","comment_count":"0","_links":{"self":[{"href":"https:\/\/radiofenix.com.ar\/2023\/wp-json\/wp\/v2\/posts\/158499","targetHints":{"allow":["GET"]}}],"collection":[{"href":"https:\/\/radiofenix.com.ar\/2023\/wp-json\/wp\/v2\/posts"}],"about":[{"href":"https:\/\/radiofenix.com.ar\/2023\/wp-json\/wp\/v2\/types\/post"}],"author":[{"embeddable":true,"href":"https:\/\/radiofenix.com.ar\/2023\/wp-json\/wp\/v2\/users\/2"}],"replies":[{"embeddable":true,"href":"https:\/\/radiofenix.com.ar\/2023\/wp-json\/wp\/v2\/comments?post=158499"}],"version-history":[{"count":0,"href":"https:\/\/radiofenix.com.ar\/2023\/wp-json\/wp\/v2\/posts\/158499\/revisions"}],"wp:featuredmedia":[{"embeddable":true,"href":"https:\/\/radiofenix.com.ar\/2023\/wp-json\/"}],"wp:attachment":[{"href":"https:\/\/radiofenix.com.ar\/2023\/wp-json\/wp\/v2\/media?parent=158499"}],"wp:term":[{"taxonomy":"category","embeddable":true,"href":"https:\/\/radiofenix.com.ar\/2023\/wp-json\/wp\/v2\/categories?post=158499"},{"taxonomy":"post_tag","embeddable":true,"href":"https:\/\/radiofenix.com.ar\/2023\/wp-json\/wp\/v2\/tags?post=158499"}],"curies":[{"name":"wp","href":"https:\/\/api.w.org\/{rel}","templated":true}]}}