{"id":158503,"date":"2023-01-09T23:04:25","date_gmt":"2023-01-09T23:04:25","guid":{"rendered":"http:\/\/radiofenix.com.ar\/prefiero-retirarme-ahora-en-lo-mas-alto-afirmo-lloris-el-arquero-de-francia\/"},"modified":"2023-01-09T23:04:25","modified_gmt":"2023-01-09T23:04:25","slug":"prefiero-retirarme-ahora-en-lo-mas-alto-afirmo-lloris-el-arquero-de-francia","status":"publish","type":"post","link":"https:\/\/radiofenix.com.ar\/2023\/prefiero-retirarme-ahora-en-lo-mas-alto-afirmo-lloris-el-arquero-de-francia\/","title":{"rendered":"\u00abPrefiero retirarme ahora, en lo m\u00e1s alto\u00bb, afirm\u00f3 Lloris, el arquero de Francia"},"content":{"rendered":"<p>A los 36 a\u00f1os,\u00a0el arquero del Tottenham de Inglaterra puso punto final a su etapa de selecci\u00f3n.\u00a0Lloris, el arquero con m\u00e1s partidos en la historia de los mundiales (20), se consagr\u00f3 campe\u00f3n con Francia en Rusia 2018,\u00a0<\/p>\n","protected":false},"excerpt":{"rendered":"<p>A los 36 a\u00f1os,\u00a0el arquero del Tottenham de Inglaterra puso punto final a su etapa&#8230;<\/p>\n","protected":false},"author":2,"featured_media":158504,"comment_status":"open","ping_status":"open","sticky":false,"template":"","format":"standard","meta":{"footnotes":""},"categories":[3],"tags":[],"class_list":["post-158503","post","type-post","status-publish","format-standard","has-post-thumbnail","hentry","category-deportes"],"featured_image_urls":{"full":"","thumbnail":"","medium":"","medium_large":"","large":"","1536x1536":"","2048x2048":"","newsium-slider-full":"","newsium-featured":"","newsium-medium":""},"author_info":{"info":["c1500921"]},"category_info":"<a href=\"https:\/\/radiofenix.com.ar\/2023\/category\/deportes\/\" rel=\"category tag\">Deportes<\/a>","tag_info":"Deportes","comment_count":"0","_links":{"self":[{"href":"https:\/\/radiofenix.com.ar\/2023\/wp-json\/wp\/v2\/posts\/158503","targetHints":{"allow":["GET"]}}],"collection":[{"href":"https:\/\/radiofenix.com.ar\/2023\/wp-json\/wp\/v2\/posts"}],"about":[{"href":"https:\/\/radiofenix.com.ar\/2023\/wp-json\/wp\/v2\/types\/post"}],"author":[{"embeddable":true,"href":"https:\/\/radiofenix.com.ar\/2023\/wp-json\/wp\/v2\/users\/2"}],"replies":[{"embeddable":true,"href":"https:\/\/radiofenix.com.ar\/2023\/wp-json\/wp\/v2\/comments?post=158503"}],"version-history":[{"count":0,"href":"https:\/\/radiofenix.com.ar\/2023\/wp-json\/wp\/v2\/posts\/158503\/revisions"}],"wp:featuredmedia":[{"embeddable":true,"href":"https:\/\/radiofenix.com.ar\/2023\/wp-json\/"}],"wp:attachment":[{"href":"https:\/\/radiofenix.com.ar\/2023\/wp-json\/wp\/v2\/media?parent=158503"}],"wp:term":[{"taxonomy":"category","embeddable":true,"href":"https:\/\/radiofenix.com.ar\/2023\/wp-json\/wp\/v2\/categories?post=158503"},{"taxonomy":"post_tag","embeddable":true,"href":"https:\/\/radiofenix.com.ar\/2023\/wp-json\/wp\/v2\/tags?post=158503"}],"curies":[{"name":"wp","href":"https:\/\/api.w.org\/{rel}","templated":true}]}}