{"id":158513,"date":"2023-01-10T02:05:16","date_gmt":"2023-01-10T02:05:16","guid":{"rendered":"http:\/\/radiofenix.com.ar\/marcelo-casaretto-juntos-por-el-cambio-trata-de-que-gobierne-la-corte-suprema\/"},"modified":"2023-01-10T02:05:16","modified_gmt":"2023-01-10T02:05:16","slug":"marcelo-casaretto-juntos-por-el-cambio-trata-de-que-gobierne-la-corte-suprema","status":"publish","type":"post","link":"https:\/\/radiofenix.com.ar\/2023\/marcelo-casaretto-juntos-por-el-cambio-trata-de-que-gobierne-la-corte-suprema\/","title":{"rendered":"Marcelo Casaretto: \u00abJuntos por el Cambio trata de que gobierne la Corte Suprema\u00bb"},"content":{"rendered":"<p>As\u00ed lo advirti\u00f3 el diputado nacional del Frente de Todos, quien adem\u00e1s agreg\u00f3 que la alianza opositora \u00abpretende no respetar la voluntad popular que eligi\u00f3 presidente y vice del FdT en 2019\u00bb.As\u00ed lo advirti\u00f3 el diputado nacional del Frente de Todos, quien adem\u00e1s agreg\u00f3 que la alianza opositora \u00abpretende no respetar la voluntad popular que eligi\u00f3 presidente y vice del FdT en 2019\u00bb.<\/p>\n","protected":false},"excerpt":{"rendered":"<p>As\u00ed lo advirti\u00f3 el diputado nacional del Frente de Todos, quien adem\u00e1s agreg\u00f3 que la&#8230;<\/p>\n","protected":false},"author":2,"featured_media":158514,"comment_status":"open","ping_status":"open","sticky":false,"template":"","format":"standard","meta":{"footnotes":""},"categories":[2],"tags":[],"class_list":["post-158513","post","type-post","status-publish","format-standard","has-post-thumbnail","hentry","category-politica"],"featured_image_urls":{"full":"","thumbnail":"","medium":"","medium_large":"","large":"","1536x1536":"","2048x2048":"","newsium-slider-full":"","newsium-featured":"","newsium-medium":""},"author_info":{"info":["c1500921"]},"category_info":"<a href=\"https:\/\/radiofenix.com.ar\/2023\/category\/politica\/\" rel=\"category tag\">Pol\u00edtica<\/a>","tag_info":"Pol\u00edtica","comment_count":"0","_links":{"self":[{"href":"https:\/\/radiofenix.com.ar\/2023\/wp-json\/wp\/v2\/posts\/158513","targetHints":{"allow":["GET"]}}],"collection":[{"href":"https:\/\/radiofenix.com.ar\/2023\/wp-json\/wp\/v2\/posts"}],"about":[{"href":"https:\/\/radiofenix.com.ar\/2023\/wp-json\/wp\/v2\/types\/post"}],"author":[{"embeddable":true,"href":"https:\/\/radiofenix.com.ar\/2023\/wp-json\/wp\/v2\/users\/2"}],"replies":[{"embeddable":true,"href":"https:\/\/radiofenix.com.ar\/2023\/wp-json\/wp\/v2\/comments?post=158513"}],"version-history":[{"count":0,"href":"https:\/\/radiofenix.com.ar\/2023\/wp-json\/wp\/v2\/posts\/158513\/revisions"}],"wp:featuredmedia":[{"embeddable":true,"href":"https:\/\/radiofenix.com.ar\/2023\/wp-json\/"}],"wp:attachment":[{"href":"https:\/\/radiofenix.com.ar\/2023\/wp-json\/wp\/v2\/media?parent=158513"}],"wp:term":[{"taxonomy":"category","embeddable":true,"href":"https:\/\/radiofenix.com.ar\/2023\/wp-json\/wp\/v2\/categories?post=158513"},{"taxonomy":"post_tag","embeddable":true,"href":"https:\/\/radiofenix.com.ar\/2023\/wp-json\/wp\/v2\/tags?post=158513"}],"curies":[{"name":"wp","href":"https:\/\/api.w.org\/{rel}","templated":true}]}}