{"id":158523,"date":"2023-01-10T11:04:25","date_gmt":"2023-01-10T11:04:25","guid":{"rendered":"http:\/\/radiofenix.com.ar\/el-gobierno-designo-a-greta-pena-como-interventora-del-inadi\/"},"modified":"2023-01-10T11:04:25","modified_gmt":"2023-01-10T11:04:25","slug":"el-gobierno-designo-a-greta-pena-como-interventora-del-inadi","status":"publish","type":"post","link":"https:\/\/radiofenix.com.ar\/2023\/el-gobierno-designo-a-greta-pena-como-interventora-del-inadi\/","title":{"rendered":"El Gobierno design\u00f3 a Greta Pena como interventora del Inadi"},"content":{"rendered":"<p>Era la secretaria de Pol\u00edticas de Diversidad de la Naci\u00f3n, del Ministerio de Mujeres. El Ejecutivo nacional prorrog\u00f3 adem\u00e1s la intervenci\u00f3n del Instituto Nacional contra la Discriminaci\u00f3n, la Xenofobia y el Racismo hasta el 10 de diciembre de este a\u00f1o.Era la secretaria de Pol\u00edticas de Diversidad de la Naci\u00f3n, del Ministerio de Mujeres. El Ejecutivo nacional prorrog\u00f3 adem\u00e1s la intervenci\u00f3n del Instituto Nacional contra la Discriminaci\u00f3n, la Xenofobia y el Racismo hasta el 10 de diciembre de este a\u00f1o.<\/p>\n","protected":false},"excerpt":{"rendered":"<p>Era la secretaria de Pol\u00edticas de Diversidad de la Naci\u00f3n, del Ministerio de Mujeres. El&#8230;<\/p>\n","protected":false},"author":2,"featured_media":158524,"comment_status":"open","ping_status":"open","sticky":false,"template":"","format":"standard","meta":{"footnotes":""},"categories":[2],"tags":[],"class_list":["post-158523","post","type-post","status-publish","format-standard","has-post-thumbnail","hentry","category-politica"],"featured_image_urls":{"full":"","thumbnail":"","medium":"","medium_large":"","large":"","1536x1536":"","2048x2048":"","newsium-slider-full":"","newsium-featured":"","newsium-medium":""},"author_info":{"info":["c1500921"]},"category_info":"<a href=\"https:\/\/radiofenix.com.ar\/2023\/category\/politica\/\" rel=\"category tag\">Pol\u00edtica<\/a>","tag_info":"Pol\u00edtica","comment_count":"0","_links":{"self":[{"href":"https:\/\/radiofenix.com.ar\/2023\/wp-json\/wp\/v2\/posts\/158523","targetHints":{"allow":["GET"]}}],"collection":[{"href":"https:\/\/radiofenix.com.ar\/2023\/wp-json\/wp\/v2\/posts"}],"about":[{"href":"https:\/\/radiofenix.com.ar\/2023\/wp-json\/wp\/v2\/types\/post"}],"author":[{"embeddable":true,"href":"https:\/\/radiofenix.com.ar\/2023\/wp-json\/wp\/v2\/users\/2"}],"replies":[{"embeddable":true,"href":"https:\/\/radiofenix.com.ar\/2023\/wp-json\/wp\/v2\/comments?post=158523"}],"version-history":[{"count":0,"href":"https:\/\/radiofenix.com.ar\/2023\/wp-json\/wp\/v2\/posts\/158523\/revisions"}],"wp:featuredmedia":[{"embeddable":true,"href":"https:\/\/radiofenix.com.ar\/2023\/wp-json\/"}],"wp:attachment":[{"href":"https:\/\/radiofenix.com.ar\/2023\/wp-json\/wp\/v2\/media?parent=158523"}],"wp:term":[{"taxonomy":"category","embeddable":true,"href":"https:\/\/radiofenix.com.ar\/2023\/wp-json\/wp\/v2\/categories?post=158523"},{"taxonomy":"post_tag","embeddable":true,"href":"https:\/\/radiofenix.com.ar\/2023\/wp-json\/wp\/v2\/tags?post=158523"}],"curies":[{"name":"wp","href":"https:\/\/api.w.org\/{rel}","templated":true}]}}