{"id":158525,"date":"2023-01-10T11:04:25","date_gmt":"2023-01-10T11:04:25","guid":{"rendered":"http:\/\/radiofenix.com.ar\/alberto-fernandez-recibe-al-ministro-de-relaciones-exteriores-de-japon-2\/"},"modified":"2023-01-10T11:04:25","modified_gmt":"2023-01-10T11:04:25","slug":"alberto-fernandez-recibe-al-ministro-de-relaciones-exteriores-de-japon-2","status":"publish","type":"post","link":"https:\/\/radiofenix.com.ar\/2023\/alberto-fernandez-recibe-al-ministro-de-relaciones-exteriores-de-japon-2\/","title":{"rendered":"Alberto Fern\u00e1ndez recibe al ministro de Relaciones Exteriores de Jap\u00f3n"},"content":{"rendered":"<p>En el marco de los 125 a\u00f1os de las relaciones diplom\u00e1ticas bilaterales, el funcionario japon\u00e9s se reunir\u00e1 con el Jefe de Estado en la Casa Rosada, luego de colocar una ofrenda floral en homenaje al Libertador Jos\u00e9 de San Mart\u00edn, en la plaza que lleva el nombre del pr\u00f3cer.En el marco de los 125 a\u00f1os de las relaciones diplom\u00e1ticas bilaterales, el funcionario japon\u00e9s se reunir\u00e1 con el Jefe de Estado en la Casa Rosada, luego de colocar una ofrenda floral en homenaje al Libertador Jos\u00e9 de San Mart\u00edn, en la plaza que lleva el nombre del pr\u00f3cer.<\/p>\n","protected":false},"excerpt":{"rendered":"<p>En el marco de los 125 a\u00f1os de las relaciones diplom\u00e1ticas bilaterales, el funcionario japon\u00e9s&#8230;<\/p>\n","protected":false},"author":2,"featured_media":158526,"comment_status":"open","ping_status":"open","sticky":false,"template":"","format":"standard","meta":{"footnotes":""},"categories":[2],"tags":[],"class_list":["post-158525","post","type-post","status-publish","format-standard","has-post-thumbnail","hentry","category-politica"],"featured_image_urls":{"full":"","thumbnail":"","medium":"","medium_large":"","large":"","1536x1536":"","2048x2048":"","newsium-slider-full":"","newsium-featured":"","newsium-medium":""},"author_info":{"info":["c1500921"]},"category_info":"<a href=\"https:\/\/radiofenix.com.ar\/2023\/category\/politica\/\" rel=\"category tag\">Pol\u00edtica<\/a>","tag_info":"Pol\u00edtica","comment_count":"0","_links":{"self":[{"href":"https:\/\/radiofenix.com.ar\/2023\/wp-json\/wp\/v2\/posts\/158525","targetHints":{"allow":["GET"]}}],"collection":[{"href":"https:\/\/radiofenix.com.ar\/2023\/wp-json\/wp\/v2\/posts"}],"about":[{"href":"https:\/\/radiofenix.com.ar\/2023\/wp-json\/wp\/v2\/types\/post"}],"author":[{"embeddable":true,"href":"https:\/\/radiofenix.com.ar\/2023\/wp-json\/wp\/v2\/users\/2"}],"replies":[{"embeddable":true,"href":"https:\/\/radiofenix.com.ar\/2023\/wp-json\/wp\/v2\/comments?post=158525"}],"version-history":[{"count":0,"href":"https:\/\/radiofenix.com.ar\/2023\/wp-json\/wp\/v2\/posts\/158525\/revisions"}],"wp:featuredmedia":[{"embeddable":true,"href":"https:\/\/radiofenix.com.ar\/2023\/wp-json\/"}],"wp:attachment":[{"href":"https:\/\/radiofenix.com.ar\/2023\/wp-json\/wp\/v2\/media?parent=158525"}],"wp:term":[{"taxonomy":"category","embeddable":true,"href":"https:\/\/radiofenix.com.ar\/2023\/wp-json\/wp\/v2\/categories?post=158525"},{"taxonomy":"post_tag","embeddable":true,"href":"https:\/\/radiofenix.com.ar\/2023\/wp-json\/wp\/v2\/tags?post=158525"}],"curies":[{"name":"wp","href":"https:\/\/api.w.org\/{rel}","templated":true}]}}