{"id":158529,"date":"2023-01-10T11:03:00","date_gmt":"2023-01-10T11:03:00","guid":{"rendered":"http:\/\/radiofenix.com.ar\/rating-fuertes-diferencias-para-gran-hermano-en-el-debut-de-hotel-de-los-famosos-2\/"},"modified":"2023-01-10T11:03:00","modified_gmt":"2023-01-10T11:03:00","slug":"rating-fuertes-diferencias-para-gran-hermano-en-el-debut-de-hotel-de-los-famosos-2","status":"publish","type":"post","link":"https:\/\/radiofenix.com.ar\/2023\/rating-fuertes-diferencias-para-gran-hermano-en-el-debut-de-hotel-de-los-famosos-2\/","title":{"rendered":"Rating: fuertes diferencias para \u00abGran Hermano\u00bb en el debut de \u00abHotel de los Famosos 2\u00bb"},"content":{"rendered":"<p>El reality de Telef\u00e9, estrella de esta temporada estuvo muy por encima en materia de audiencia ante el debut del programa de eltrece. Fue\u00a0el primer d\u00eda de un desaf\u00edo que tendr\u00e1 varios cap\u00edtulos pero que arranc\u00f3 desnivelado.El reality de Telef\u00e9, estrella de esta temporada estuvo muy por encima en materia de audiencia ante el debut del programa de eltrece. Fue\u00a0el primer d\u00eda de un desaf\u00edo que tendr\u00e1 varios cap\u00edtulos pero que arranc\u00f3 desnivelado.<\/p>\n","protected":false},"excerpt":{"rendered":"<p>El reality de Telef\u00e9, estrella de esta temporada estuvo muy por encima en materia de&#8230;<\/p>\n","protected":false},"author":2,"featured_media":158530,"comment_status":"open","ping_status":"open","sticky":false,"template":"","format":"standard","meta":{"footnotes":""},"categories":[4],"tags":[],"class_list":["post-158529","post","type-post","status-publish","format-standard","has-post-thumbnail","hentry","category-espectaculos"],"featured_image_urls":{"full":"","thumbnail":"","medium":"","medium_large":"","large":"","1536x1536":"","2048x2048":"","newsium-slider-full":"","newsium-featured":"","newsium-medium":""},"author_info":{"info":["c1500921"]},"category_info":"<a href=\"https:\/\/radiofenix.com.ar\/2023\/category\/espectaculos\/\" rel=\"category tag\">Espectaculos<\/a>","tag_info":"Espectaculos","comment_count":"0","_links":{"self":[{"href":"https:\/\/radiofenix.com.ar\/2023\/wp-json\/wp\/v2\/posts\/158529","targetHints":{"allow":["GET"]}}],"collection":[{"href":"https:\/\/radiofenix.com.ar\/2023\/wp-json\/wp\/v2\/posts"}],"about":[{"href":"https:\/\/radiofenix.com.ar\/2023\/wp-json\/wp\/v2\/types\/post"}],"author":[{"embeddable":true,"href":"https:\/\/radiofenix.com.ar\/2023\/wp-json\/wp\/v2\/users\/2"}],"replies":[{"embeddable":true,"href":"https:\/\/radiofenix.com.ar\/2023\/wp-json\/wp\/v2\/comments?post=158529"}],"version-history":[{"count":0,"href":"https:\/\/radiofenix.com.ar\/2023\/wp-json\/wp\/v2\/posts\/158529\/revisions"}],"wp:featuredmedia":[{"embeddable":true,"href":"https:\/\/radiofenix.com.ar\/2023\/wp-json\/"}],"wp:attachment":[{"href":"https:\/\/radiofenix.com.ar\/2023\/wp-json\/wp\/v2\/media?parent=158529"}],"wp:term":[{"taxonomy":"category","embeddable":true,"href":"https:\/\/radiofenix.com.ar\/2023\/wp-json\/wp\/v2\/categories?post=158529"},{"taxonomy":"post_tag","embeddable":true,"href":"https:\/\/radiofenix.com.ar\/2023\/wp-json\/wp\/v2\/tags?post=158529"}],"curies":[{"name":"wp","href":"https:\/\/api.w.org\/{rel}","templated":true}]}}