{"id":158531,"date":"2023-01-10T13:04:06","date_gmt":"2023-01-10T13:04:06","guid":{"rendered":"http:\/\/radiofenix.com.ar\/el-movimiento-evita-realiza-una-marcha-en-defensa-de-la-democracia-en-brasil\/"},"modified":"2023-01-10T13:04:06","modified_gmt":"2023-01-10T13:04:06","slug":"el-movimiento-evita-realiza-una-marcha-en-defensa-de-la-democracia-en-brasil","status":"publish","type":"post","link":"https:\/\/radiofenix.com.ar\/2023\/el-movimiento-evita-realiza-una-marcha-en-defensa-de-la-democracia-en-brasil\/","title":{"rendered":"El Movimiento Evita realiza una marcha en defensa de la democracia en Brasil"},"content":{"rendered":"<p>La concentraci\u00f3n ser\u00e1 desde las 10.30 en Cerrito y Juncal. Marchar\u00e1n a la Embajada del pa\u00eds vecino en apoyo a Lula y al pueblo.La concentraci\u00f3n ser\u00e1 desde las 10.30 en Cerrito y Juncal. Marchar\u00e1n a la Embajada del pa\u00eds vecino en apoyo a Lula y al pueblo.<\/p>\n","protected":false},"excerpt":{"rendered":"<p>La concentraci\u00f3n ser\u00e1 desde las 10.30 en Cerrito y Juncal. Marchar\u00e1n a la Embajada del&#8230;<\/p>\n","protected":false},"author":2,"featured_media":158532,"comment_status":"open","ping_status":"open","sticky":false,"template":"","format":"standard","meta":{"footnotes":""},"categories":[2],"tags":[],"class_list":["post-158531","post","type-post","status-publish","format-standard","has-post-thumbnail","hentry","category-politica"],"featured_image_urls":{"full":"","thumbnail":"","medium":"","medium_large":"","large":"","1536x1536":"","2048x2048":"","newsium-slider-full":"","newsium-featured":"","newsium-medium":""},"author_info":{"info":["c1500921"]},"category_info":"<a href=\"https:\/\/radiofenix.com.ar\/2023\/category\/politica\/\" rel=\"category tag\">Pol\u00edtica<\/a>","tag_info":"Pol\u00edtica","comment_count":"0","_links":{"self":[{"href":"https:\/\/radiofenix.com.ar\/2023\/wp-json\/wp\/v2\/posts\/158531","targetHints":{"allow":["GET"]}}],"collection":[{"href":"https:\/\/radiofenix.com.ar\/2023\/wp-json\/wp\/v2\/posts"}],"about":[{"href":"https:\/\/radiofenix.com.ar\/2023\/wp-json\/wp\/v2\/types\/post"}],"author":[{"embeddable":true,"href":"https:\/\/radiofenix.com.ar\/2023\/wp-json\/wp\/v2\/users\/2"}],"replies":[{"embeddable":true,"href":"https:\/\/radiofenix.com.ar\/2023\/wp-json\/wp\/v2\/comments?post=158531"}],"version-history":[{"count":0,"href":"https:\/\/radiofenix.com.ar\/2023\/wp-json\/wp\/v2\/posts\/158531\/revisions"}],"wp:featuredmedia":[{"embeddable":true,"href":"https:\/\/radiofenix.com.ar\/2023\/wp-json\/"}],"wp:attachment":[{"href":"https:\/\/radiofenix.com.ar\/2023\/wp-json\/wp\/v2\/media?parent=158531"}],"wp:term":[{"taxonomy":"category","embeddable":true,"href":"https:\/\/radiofenix.com.ar\/2023\/wp-json\/wp\/v2\/categories?post=158531"},{"taxonomy":"post_tag","embeddable":true,"href":"https:\/\/radiofenix.com.ar\/2023\/wp-json\/wp\/v2\/tags?post=158531"}],"curies":[{"name":"wp","href":"https:\/\/api.w.org\/{rel}","templated":true}]}}