{"id":158543,"date":"2023-01-10T15:05:31","date_gmt":"2023-01-10T15:05:31","guid":{"rendered":"http:\/\/radiofenix.com.ar\/ningun-gobernador-puede-convalidar-un-fallo-que-agudiza-las-asimetrias-del-pais\/"},"modified":"2023-01-10T15:05:31","modified_gmt":"2023-01-10T15:05:31","slug":"ningun-gobernador-puede-convalidar-un-fallo-que-agudiza-las-asimetrias-del-pais","status":"publish","type":"post","link":"https:\/\/radiofenix.com.ar\/2023\/ningun-gobernador-puede-convalidar-un-fallo-que-agudiza-las-asimetrias-del-pais\/","title":{"rendered":"\u00abNing\u00fan gobernador puede convalidar un fallo que agudiza las asimetr\u00edas del pa\u00eds\u00bb"},"content":{"rendered":"<p>El gobernador del Chaco\u00a0se refiri\u00f3 a la cautelar dictada por la Corte Suprema de Justicia que benefici\u00f3 a la Ciudad de Buenos Aires por los fondos coparticipables. Dijo que los magistrados son parte de un tribunal \u00abpol\u00edtico, partidario y militante\u00bb.El gobernador del Chaco\u00a0se refiri\u00f3 a la cautelar dictada por la Corte Suprema de Justicia que benefici\u00f3 a la Ciudad de Buenos Aires por los fondos coparticipables. Dijo que los magistrados son parte de un tribunal \u00abpol\u00edtico, partidario y militante\u00bb.<\/p>\n","protected":false},"excerpt":{"rendered":"<p>El gobernador del Chaco\u00a0se refiri\u00f3 a la cautelar dictada por la Corte Suprema de Justicia&#8230;<\/p>\n","protected":false},"author":2,"featured_media":158544,"comment_status":"open","ping_status":"open","sticky":false,"template":"","format":"standard","meta":{"footnotes":""},"categories":[2],"tags":[],"class_list":["post-158543","post","type-post","status-publish","format-standard","has-post-thumbnail","hentry","category-politica"],"featured_image_urls":{"full":"","thumbnail":"","medium":"","medium_large":"","large":"","1536x1536":"","2048x2048":"","newsium-slider-full":"","newsium-featured":"","newsium-medium":""},"author_info":{"info":["c1500921"]},"category_info":"<a href=\"https:\/\/radiofenix.com.ar\/2023\/category\/politica\/\" rel=\"category tag\">Pol\u00edtica<\/a>","tag_info":"Pol\u00edtica","comment_count":"0","_links":{"self":[{"href":"https:\/\/radiofenix.com.ar\/2023\/wp-json\/wp\/v2\/posts\/158543","targetHints":{"allow":["GET"]}}],"collection":[{"href":"https:\/\/radiofenix.com.ar\/2023\/wp-json\/wp\/v2\/posts"}],"about":[{"href":"https:\/\/radiofenix.com.ar\/2023\/wp-json\/wp\/v2\/types\/post"}],"author":[{"embeddable":true,"href":"https:\/\/radiofenix.com.ar\/2023\/wp-json\/wp\/v2\/users\/2"}],"replies":[{"embeddable":true,"href":"https:\/\/radiofenix.com.ar\/2023\/wp-json\/wp\/v2\/comments?post=158543"}],"version-history":[{"count":0,"href":"https:\/\/radiofenix.com.ar\/2023\/wp-json\/wp\/v2\/posts\/158543\/revisions"}],"wp:featuredmedia":[{"embeddable":true,"href":"https:\/\/radiofenix.com.ar\/2023\/wp-json\/"}],"wp:attachment":[{"href":"https:\/\/radiofenix.com.ar\/2023\/wp-json\/wp\/v2\/media?parent=158543"}],"wp:term":[{"taxonomy":"category","embeddable":true,"href":"https:\/\/radiofenix.com.ar\/2023\/wp-json\/wp\/v2\/categories?post=158543"},{"taxonomy":"post_tag","embeddable":true,"href":"https:\/\/radiofenix.com.ar\/2023\/wp-json\/wp\/v2\/tags?post=158543"}],"curies":[{"name":"wp","href":"https:\/\/api.w.org\/{rel}","templated":true}]}}