{"id":158547,"date":"2023-01-10T15:05:33","date_gmt":"2023-01-10T15:05:33","guid":{"rendered":"http:\/\/radiofenix.com.ar\/vanesa-siley-sobre-la-corte-suprema-actua-por-fuera-de-la-constitucion\/"},"modified":"2023-01-10T15:05:33","modified_gmt":"2023-01-10T15:05:33","slug":"vanesa-siley-sobre-la-corte-suprema-actua-por-fuera-de-la-constitucion","status":"publish","type":"post","link":"https:\/\/radiofenix.com.ar\/2023\/vanesa-siley-sobre-la-corte-suprema-actua-por-fuera-de-la-constitucion\/","title":{"rendered":"Vanesa Siley sobre la Corte Suprema: \u00abAct\u00faa por fuera de la Constituci\u00f3n\u00bb"},"content":{"rendered":"<p>La diputada del Frente de Todos e integrante del Consejo de la Magistratura detall\u00f3 que las causales de enjuiciamiento estar\u00e1n vinculadas a tres \u00edtems: \u00abConsejo de la Magistratura, el principio de la divisi\u00f3n de poderes y la coparticipaci\u00f3n\u00bb.La diputada del Frente de Todos e integrante del Consejo de la Magistratura detall\u00f3 que las causales de enjuiciamiento estar\u00e1n vinculadas a tres \u00edtems: \u00abConsejo de la Magistratura, el principio de la divisi\u00f3n de poderes y la coparticipaci\u00f3n\u00bb.<\/p>\n","protected":false},"excerpt":{"rendered":"<p>La diputada del Frente de Todos e integrante del Consejo de la Magistratura detall\u00f3 que&#8230;<\/p>\n","protected":false},"author":2,"featured_media":158548,"comment_status":"open","ping_status":"open","sticky":false,"template":"","format":"standard","meta":{"footnotes":""},"categories":[2],"tags":[],"class_list":["post-158547","post","type-post","status-publish","format-standard","has-post-thumbnail","hentry","category-politica"],"featured_image_urls":{"full":"","thumbnail":"","medium":"","medium_large":"","large":"","1536x1536":"","2048x2048":"","newsium-slider-full":"","newsium-featured":"","newsium-medium":""},"author_info":{"info":["c1500921"]},"category_info":"<a href=\"https:\/\/radiofenix.com.ar\/2023\/category\/politica\/\" rel=\"category tag\">Pol\u00edtica<\/a>","tag_info":"Pol\u00edtica","comment_count":"0","_links":{"self":[{"href":"https:\/\/radiofenix.com.ar\/2023\/wp-json\/wp\/v2\/posts\/158547","targetHints":{"allow":["GET"]}}],"collection":[{"href":"https:\/\/radiofenix.com.ar\/2023\/wp-json\/wp\/v2\/posts"}],"about":[{"href":"https:\/\/radiofenix.com.ar\/2023\/wp-json\/wp\/v2\/types\/post"}],"author":[{"embeddable":true,"href":"https:\/\/radiofenix.com.ar\/2023\/wp-json\/wp\/v2\/users\/2"}],"replies":[{"embeddable":true,"href":"https:\/\/radiofenix.com.ar\/2023\/wp-json\/wp\/v2\/comments?post=158547"}],"version-history":[{"count":0,"href":"https:\/\/radiofenix.com.ar\/2023\/wp-json\/wp\/v2\/posts\/158547\/revisions"}],"wp:featuredmedia":[{"embeddable":true,"href":"https:\/\/radiofenix.com.ar\/2023\/wp-json\/"}],"wp:attachment":[{"href":"https:\/\/radiofenix.com.ar\/2023\/wp-json\/wp\/v2\/media?parent=158547"}],"wp:term":[{"taxonomy":"category","embeddable":true,"href":"https:\/\/radiofenix.com.ar\/2023\/wp-json\/wp\/v2\/categories?post=158547"},{"taxonomy":"post_tag","embeddable":true,"href":"https:\/\/radiofenix.com.ar\/2023\/wp-json\/wp\/v2\/tags?post=158547"}],"curies":[{"name":"wp","href":"https:\/\/api.w.org\/{rel}","templated":true}]}}