{"id":158549,"date":"2023-01-10T15:05:33","date_gmt":"2023-01-10T15:05:33","guid":{"rendered":"http:\/\/radiofenix.com.ar\/trabajadores-de-gps-reclamaron-un-bono-de-fin-de-ano-y-contra-la-expulsion-de-delegados\/"},"modified":"2023-01-10T15:05:33","modified_gmt":"2023-01-10T15:05:33","slug":"trabajadores-de-gps-reclamaron-un-bono-de-fin-de-ano-y-contra-la-expulsion-de-delegados","status":"publish","type":"post","link":"https:\/\/radiofenix.com.ar\/2023\/trabajadores-de-gps-reclamaron-un-bono-de-fin-de-ano-y-contra-la-expulsion-de-delegados\/","title":{"rendered":"Trabajadores de GPS reclamaron un bono de fin de a\u00f1o y \u00abcontra la expulsi\u00f3n de delegados\u00bb"},"content":{"rendered":"<p>Seg\u00fan denunciaron, la empresa terciarizada en Aerol\u00edneas Argentinas, \u00abdespidi\u00f3 a un trabajador que hab\u00eda tenido dos ACV y luego suspendi\u00f3 a 40 trabajadores por realizar una asamblea en repudio a esta situaci\u00f3n\u00bb y \u00abse neg\u00f3 a pagar el bono que el Gobierno anunci\u00f3 en diciembre\u00bb.\u00a0Seg\u00fan denunciaron, la empresa terciarizada en Aerol\u00edneas Argentinas, \u00abdespidi\u00f3 a un trabajador que hab\u00eda tenido dos ACV y luego suspendi\u00f3 a 40 trabajadores por realizar una asamblea en repudio a esta situaci\u00f3n\u00bb y \u00abse neg\u00f3 a pagar el bono que el Gobierno anunci\u00f3 en diciembre\u00bb.\u00a0<\/p>\n","protected":false},"excerpt":{"rendered":"<p>Seg\u00fan denunciaron, la empresa terciarizada en Aerol\u00edneas Argentinas, \u00abdespidi\u00f3 a un trabajador que hab\u00eda tenido&#8230;<\/p>\n","protected":false},"author":2,"featured_media":158550,"comment_status":"open","ping_status":"open","sticky":false,"template":"","format":"standard","meta":{"footnotes":""},"categories":[2],"tags":[],"class_list":["post-158549","post","type-post","status-publish","format-standard","has-post-thumbnail","hentry","category-politica"],"featured_image_urls":{"full":"","thumbnail":"","medium":"","medium_large":"","large":"","1536x1536":"","2048x2048":"","newsium-slider-full":"","newsium-featured":"","newsium-medium":""},"author_info":{"info":["c1500921"]},"category_info":"<a href=\"https:\/\/radiofenix.com.ar\/2023\/category\/politica\/\" rel=\"category tag\">Pol\u00edtica<\/a>","tag_info":"Pol\u00edtica","comment_count":"0","_links":{"self":[{"href":"https:\/\/radiofenix.com.ar\/2023\/wp-json\/wp\/v2\/posts\/158549","targetHints":{"allow":["GET"]}}],"collection":[{"href":"https:\/\/radiofenix.com.ar\/2023\/wp-json\/wp\/v2\/posts"}],"about":[{"href":"https:\/\/radiofenix.com.ar\/2023\/wp-json\/wp\/v2\/types\/post"}],"author":[{"embeddable":true,"href":"https:\/\/radiofenix.com.ar\/2023\/wp-json\/wp\/v2\/users\/2"}],"replies":[{"embeddable":true,"href":"https:\/\/radiofenix.com.ar\/2023\/wp-json\/wp\/v2\/comments?post=158549"}],"version-history":[{"count":0,"href":"https:\/\/radiofenix.com.ar\/2023\/wp-json\/wp\/v2\/posts\/158549\/revisions"}],"wp:featuredmedia":[{"embeddable":true,"href":"https:\/\/radiofenix.com.ar\/2023\/wp-json\/"}],"wp:attachment":[{"href":"https:\/\/radiofenix.com.ar\/2023\/wp-json\/wp\/v2\/media?parent=158549"}],"wp:term":[{"taxonomy":"category","embeddable":true,"href":"https:\/\/radiofenix.com.ar\/2023\/wp-json\/wp\/v2\/categories?post=158549"},{"taxonomy":"post_tag","embeddable":true,"href":"https:\/\/radiofenix.com.ar\/2023\/wp-json\/wp\/v2\/tags?post=158549"}],"curies":[{"name":"wp","href":"https:\/\/api.w.org\/{rel}","templated":true}]}}