{"id":158561,"date":"2023-01-10T16:16:00","date_gmt":"2023-01-10T16:16:00","guid":{"rendered":"http:\/\/radiofenix.com.ar\/la-soprano-argentina-que-llevo-a-viena-su-voz-y-su-lucha-feminista-3\/"},"modified":"2023-01-10T16:16:00","modified_gmt":"2023-01-10T16:16:00","slug":"la-soprano-argentina-que-llevo-a-viena-su-voz-y-su-lucha-feminista-3","status":"publish","type":"post","link":"https:\/\/radiofenix.com.ar\/2023\/la-soprano-argentina-que-llevo-a-viena-su-voz-y-su-lucha-feminista-3\/","title":{"rendered":"La soprano argentina que llev\u00f3 a Viena su voz y su lucha feminista"},"content":{"rendered":"<p>Natalia Hurst fund\u00f3 Ni Una Menos en Viena y gest\u00f3\u00a0&amp;ldquo;\u00d3pera Triptychon, una historia de cuarentena&amp;rdquo;, un espect\u00e1culo multimedia que propone una relectura del colonialismo, el femicidio, el abuso y la violencia psicol\u00f3gica en base a emblem\u00e1ticos personajes de las \u00f3peras cl\u00e1sicas y se presenta el jueves 12 en la sala porte\u00f1a Hasta Trilce (Maza 177, CABA).\u00a0\u00a0Natalia Hurst fund\u00f3 Ni Una Menos en Viena y gest\u00f3\u00a0&amp;ldquo;\u00d3pera Triptychon, una historia de cuarentena&amp;rdquo;, un espect\u00e1culo multimedia que propone una relectura del colonialismo, el femicidio, el abuso y la violencia psicol\u00f3gica en base a emblem\u00e1ticos personajes de las \u00f3peras cl\u00e1sicas y se presenta el jueves 12 en la sala porte\u00f1a Hasta Trilce (Maza 177, CABA).\u00a0\u00a0<\/p>\n","protected":false},"excerpt":{"rendered":"<p>Natalia Hurst fund\u00f3 Ni Una Menos en Viena y gest\u00f3\u00a0&amp;ldquo;\u00d3pera Triptychon, una historia de cuarentena&amp;rdquo;,&#8230;<\/p>\n","protected":false},"author":2,"featured_media":158562,"comment_status":"open","ping_status":"open","sticky":false,"template":"","format":"standard","meta":{"footnotes":""},"categories":[4],"tags":[],"class_list":["post-158561","post","type-post","status-publish","format-standard","has-post-thumbnail","hentry","category-espectaculos"],"featured_image_urls":{"full":"","thumbnail":"","medium":"","medium_large":"","large":"","1536x1536":"","2048x2048":"","newsium-slider-full":"","newsium-featured":"","newsium-medium":""},"author_info":{"info":["c1500921"]},"category_info":"<a href=\"https:\/\/radiofenix.com.ar\/2023\/category\/espectaculos\/\" rel=\"category tag\">Espectaculos<\/a>","tag_info":"Espectaculos","comment_count":"0","_links":{"self":[{"href":"https:\/\/radiofenix.com.ar\/2023\/wp-json\/wp\/v2\/posts\/158561","targetHints":{"allow":["GET"]}}],"collection":[{"href":"https:\/\/radiofenix.com.ar\/2023\/wp-json\/wp\/v2\/posts"}],"about":[{"href":"https:\/\/radiofenix.com.ar\/2023\/wp-json\/wp\/v2\/types\/post"}],"author":[{"embeddable":true,"href":"https:\/\/radiofenix.com.ar\/2023\/wp-json\/wp\/v2\/users\/2"}],"replies":[{"embeddable":true,"href":"https:\/\/radiofenix.com.ar\/2023\/wp-json\/wp\/v2\/comments?post=158561"}],"version-history":[{"count":0,"href":"https:\/\/radiofenix.com.ar\/2023\/wp-json\/wp\/v2\/posts\/158561\/revisions"}],"wp:featuredmedia":[{"embeddable":true,"href":"https:\/\/radiofenix.com.ar\/2023\/wp-json\/"}],"wp:attachment":[{"href":"https:\/\/radiofenix.com.ar\/2023\/wp-json\/wp\/v2\/media?parent=158561"}],"wp:term":[{"taxonomy":"category","embeddable":true,"href":"https:\/\/radiofenix.com.ar\/2023\/wp-json\/wp\/v2\/categories?post=158561"},{"taxonomy":"post_tag","embeddable":true,"href":"https:\/\/radiofenix.com.ar\/2023\/wp-json\/wp\/v2\/tags?post=158561"}],"curies":[{"name":"wp","href":"https:\/\/api.w.org\/{rel}","templated":true}]}}