{"id":158567,"date":"2023-01-10T17:04:03","date_gmt":"2023-01-10T17:04:03","guid":{"rendered":"http:\/\/radiofenix.com.ar\/el-pueblo-argentino-va-a-reconocer-lo-que-realizo-el-gobierno-en-estos-anos\/"},"modified":"2023-01-10T17:04:03","modified_gmt":"2023-01-10T17:04:03","slug":"el-pueblo-argentino-va-a-reconocer-lo-que-realizo-el-gobierno-en-estos-anos","status":"publish","type":"post","link":"https:\/\/radiofenix.com.ar\/2023\/el-pueblo-argentino-va-a-reconocer-lo-que-realizo-el-gobierno-en-estos-anos\/","title":{"rendered":"\u00abEl pueblo argentino va a reconocer lo que realiz\u00f3 el Gobierno en estos a\u00f1os\u00bb"},"content":{"rendered":"<p>\u00abM\u00e1s temprano que tarde, espero que m\u00e1s temprano, el pueblo argentino va a reconocer la epopeya que realiz\u00f3 este Gobierno durante estos a\u00f1os. Se pas\u00f3 una pandemia, una guerra y hubo tres a\u00f1os de crecimiento, con un desempleo a la baja y una gesti\u00f3n con federalismo\u00bb, se\u00f1al\u00f3 la portavoz del Presidente.\u00bbM\u00e1s temprano que tarde, espero que m\u00e1s temprano, el pueblo argentino va a reconocer la epopeya que realiz\u00f3 este Gobierno durante estos a\u00f1os. Se pas\u00f3 una pandemia, una guerra y hubo tres a\u00f1os de crecimiento, con un desempleo a la baja y una gesti\u00f3n con federalismo\u00bb, se\u00f1al\u00f3 la portavoz del Presidente.<\/p>\n","protected":false},"excerpt":{"rendered":"<p>\u00abM\u00e1s temprano que tarde, espero que m\u00e1s temprano, el pueblo argentino va a reconocer la&#8230;<\/p>\n","protected":false},"author":2,"featured_media":158568,"comment_status":"open","ping_status":"open","sticky":false,"template":"","format":"standard","meta":{"footnotes":""},"categories":[2],"tags":[],"class_list":["post-158567","post","type-post","status-publish","format-standard","has-post-thumbnail","hentry","category-politica"],"featured_image_urls":{"full":"","thumbnail":"","medium":"","medium_large":"","large":"","1536x1536":"","2048x2048":"","newsium-slider-full":"","newsium-featured":"","newsium-medium":""},"author_info":{"info":["c1500921"]},"category_info":"<a href=\"https:\/\/radiofenix.com.ar\/2023\/category\/politica\/\" rel=\"category tag\">Pol\u00edtica<\/a>","tag_info":"Pol\u00edtica","comment_count":"0","_links":{"self":[{"href":"https:\/\/radiofenix.com.ar\/2023\/wp-json\/wp\/v2\/posts\/158567","targetHints":{"allow":["GET"]}}],"collection":[{"href":"https:\/\/radiofenix.com.ar\/2023\/wp-json\/wp\/v2\/posts"}],"about":[{"href":"https:\/\/radiofenix.com.ar\/2023\/wp-json\/wp\/v2\/types\/post"}],"author":[{"embeddable":true,"href":"https:\/\/radiofenix.com.ar\/2023\/wp-json\/wp\/v2\/users\/2"}],"replies":[{"embeddable":true,"href":"https:\/\/radiofenix.com.ar\/2023\/wp-json\/wp\/v2\/comments?post=158567"}],"version-history":[{"count":0,"href":"https:\/\/radiofenix.com.ar\/2023\/wp-json\/wp\/v2\/posts\/158567\/revisions"}],"wp:featuredmedia":[{"embeddable":true,"href":"https:\/\/radiofenix.com.ar\/2023\/wp-json\/"}],"wp:attachment":[{"href":"https:\/\/radiofenix.com.ar\/2023\/wp-json\/wp\/v2\/media?parent=158567"}],"wp:term":[{"taxonomy":"category","embeddable":true,"href":"https:\/\/radiofenix.com.ar\/2023\/wp-json\/wp\/v2\/categories?post=158567"},{"taxonomy":"post_tag","embeddable":true,"href":"https:\/\/radiofenix.com.ar\/2023\/wp-json\/wp\/v2\/tags?post=158567"}],"curies":[{"name":"wp","href":"https:\/\/api.w.org\/{rel}","templated":true}]}}