{"id":158575,"date":"2023-01-10T15:46:00","date_gmt":"2023-01-10T15:46:00","guid":{"rendered":"http:\/\/radiofenix.com.ar\/la-argentina-tendra-uno-de-los-mayores-crecimientos-economicos-de-la-region-en-2023\/"},"modified":"2023-01-10T15:46:00","modified_gmt":"2023-01-10T15:46:00","slug":"la-argentina-tendra-uno-de-los-mayores-crecimientos-economicos-de-la-region-en-2023","status":"publish","type":"post","link":"https:\/\/radiofenix.com.ar\/2023\/la-argentina-tendra-uno-de-los-mayores-crecimientos-economicos-de-la-region-en-2023\/","title":{"rendered":"La Argentina tendr\u00e1 uno de los mayores crecimientos econ\u00f3micos de la regi\u00f3n en 2023"},"content":{"rendered":"<p>Alcanzar\u00e1 el 2% en un marco de desaceleraci\u00f3n general, seg\u00fan precisa el informe \u00abPerspectivas econ\u00f3micas globales: Am\u00e9rica Latina y el Caribe\u00bb. Brasil s\u00f3lo crecer\u00eda el 0,8% y M\u00e9xico el 0,9%.\u00a0El organismo destac\u00f3 el impacto de la ampliaci\u00f3n del gasoducto N\u00e9stor Kirchner.\u00a0<\/p>\n","protected":false},"excerpt":{"rendered":"<p>Alcanzar\u00e1 el 2% en un marco de desaceleraci\u00f3n general, seg\u00fan precisa el informe \u00abPerspectivas econ\u00f3micas&#8230;<\/p>\n","protected":false},"author":2,"featured_media":158576,"comment_status":"open","ping_status":"open","sticky":false,"template":"","format":"standard","meta":{"footnotes":""},"categories":[5],"tags":[],"class_list":["post-158575","post","type-post","status-publish","format-standard","has-post-thumbnail","hentry","category-economia"],"featured_image_urls":{"full":"","thumbnail":"","medium":"","medium_large":"","large":"","1536x1536":"","2048x2048":"","newsium-slider-full":"","newsium-featured":"","newsium-medium":""},"author_info":{"info":["c1500921"]},"category_info":"<a href=\"https:\/\/radiofenix.com.ar\/2023\/category\/economia\/\" rel=\"category tag\">Economia<\/a>","tag_info":"Economia","comment_count":"0","_links":{"self":[{"href":"https:\/\/radiofenix.com.ar\/2023\/wp-json\/wp\/v2\/posts\/158575","targetHints":{"allow":["GET"]}}],"collection":[{"href":"https:\/\/radiofenix.com.ar\/2023\/wp-json\/wp\/v2\/posts"}],"about":[{"href":"https:\/\/radiofenix.com.ar\/2023\/wp-json\/wp\/v2\/types\/post"}],"author":[{"embeddable":true,"href":"https:\/\/radiofenix.com.ar\/2023\/wp-json\/wp\/v2\/users\/2"}],"replies":[{"embeddable":true,"href":"https:\/\/radiofenix.com.ar\/2023\/wp-json\/wp\/v2\/comments?post=158575"}],"version-history":[{"count":0,"href":"https:\/\/radiofenix.com.ar\/2023\/wp-json\/wp\/v2\/posts\/158575\/revisions"}],"wp:featuredmedia":[{"embeddable":true,"href":"https:\/\/radiofenix.com.ar\/2023\/wp-json\/"}],"wp:attachment":[{"href":"https:\/\/radiofenix.com.ar\/2023\/wp-json\/wp\/v2\/media?parent=158575"}],"wp:term":[{"taxonomy":"category","embeddable":true,"href":"https:\/\/radiofenix.com.ar\/2023\/wp-json\/wp\/v2\/categories?post=158575"},{"taxonomy":"post_tag","embeddable":true,"href":"https:\/\/radiofenix.com.ar\/2023\/wp-json\/wp\/v2\/tags?post=158575"}],"curies":[{"name":"wp","href":"https:\/\/api.w.org\/{rel}","templated":true}]}}