{"id":158609,"date":"2023-01-10T22:10:03","date_gmt":"2023-01-10T22:10:03","guid":{"rendered":"http:\/\/radiofenix.com.ar\/la-corriente-federal-respaldo-a-lula-condeno-el-intento-de-golpe-y-se-declaro-en-alerta\/"},"modified":"2023-01-10T22:10:03","modified_gmt":"2023-01-10T22:10:03","slug":"la-corriente-federal-respaldo-a-lula-condeno-el-intento-de-golpe-y-se-declaro-en-alerta","status":"publish","type":"post","link":"https:\/\/radiofenix.com.ar\/2023\/la-corriente-federal-respaldo-a-lula-condeno-el-intento-de-golpe-y-se-declaro-en-alerta\/","title":{"rendered":"La Corriente Federal respald\u00f3 a Lula, conden\u00f3 el intento de golpe y se declar\u00f3 en \u00abalerta\u00bb"},"content":{"rendered":"<p>El espacio gremial que conduce el dirigente bancario Sergio Palazzo, respald\u00f3 en un documento al pueblo y Gobierno brasile\u00f1os y el sistema democr\u00e1tico y condenaron el intento de golpe en ese pa\u00eds.El espacio gremial que conduce el dirigente bancario Sergio Palazzo, respald\u00f3 en un documento al pueblo y Gobierno brasile\u00f1os y el sistema democr\u00e1tico y condenaron el intento de golpe en ese pa\u00eds.<\/p>\n","protected":false},"excerpt":{"rendered":"<p>El espacio gremial que conduce el dirigente bancario Sergio Palazzo, respald\u00f3 en un documento al&#8230;<\/p>\n","protected":false},"author":2,"featured_media":158610,"comment_status":"open","ping_status":"open","sticky":false,"template":"","format":"standard","meta":{"footnotes":""},"categories":[2],"tags":[],"class_list":["post-158609","post","type-post","status-publish","format-standard","has-post-thumbnail","hentry","category-politica"],"featured_image_urls":{"full":"","thumbnail":"","medium":"","medium_large":"","large":"","1536x1536":"","2048x2048":"","newsium-slider-full":"","newsium-featured":"","newsium-medium":""},"author_info":{"info":["c1500921"]},"category_info":"<a href=\"https:\/\/radiofenix.com.ar\/2023\/category\/politica\/\" rel=\"category tag\">Pol\u00edtica<\/a>","tag_info":"Pol\u00edtica","comment_count":"0","_links":{"self":[{"href":"https:\/\/radiofenix.com.ar\/2023\/wp-json\/wp\/v2\/posts\/158609","targetHints":{"allow":["GET"]}}],"collection":[{"href":"https:\/\/radiofenix.com.ar\/2023\/wp-json\/wp\/v2\/posts"}],"about":[{"href":"https:\/\/radiofenix.com.ar\/2023\/wp-json\/wp\/v2\/types\/post"}],"author":[{"embeddable":true,"href":"https:\/\/radiofenix.com.ar\/2023\/wp-json\/wp\/v2\/users\/2"}],"replies":[{"embeddable":true,"href":"https:\/\/radiofenix.com.ar\/2023\/wp-json\/wp\/v2\/comments?post=158609"}],"version-history":[{"count":0,"href":"https:\/\/radiofenix.com.ar\/2023\/wp-json\/wp\/v2\/posts\/158609\/revisions"}],"wp:featuredmedia":[{"embeddable":true,"href":"https:\/\/radiofenix.com.ar\/2023\/wp-json\/"}],"wp:attachment":[{"href":"https:\/\/radiofenix.com.ar\/2023\/wp-json\/wp\/v2\/media?parent=158609"}],"wp:term":[{"taxonomy":"category","embeddable":true,"href":"https:\/\/radiofenix.com.ar\/2023\/wp-json\/wp\/v2\/categories?post=158609"},{"taxonomy":"post_tag","embeddable":true,"href":"https:\/\/radiofenix.com.ar\/2023\/wp-json\/wp\/v2\/tags?post=158609"}],"curies":[{"name":"wp","href":"https:\/\/api.w.org\/{rel}","templated":true}]}}