{"id":158643,"date":"2023-01-11T01:18:00","date_gmt":"2023-01-11T01:18:00","guid":{"rendered":"http:\/\/radiofenix.com.ar\/shakira-se-sube-a-las-bzrp-music-session-su-primera-colaboracion-con-bizarrap\/"},"modified":"2023-01-11T01:18:00","modified_gmt":"2023-01-11T01:18:00","slug":"shakira-se-sube-a-las-bzrp-music-session-su-primera-colaboracion-con-bizarrap","status":"publish","type":"post","link":"https:\/\/radiofenix.com.ar\/2023\/shakira-se-sube-a-las-bzrp-music-session-su-primera-colaboracion-con-bizarrap\/","title":{"rendered":"Shakira se sube a las \u00abBZRP Music Session\u00bb su primera colaboraci\u00f3n con Bizarrap"},"content":{"rendered":"<p>En simult\u00e1neo desde sus cuentas de Instagram, los artistas subieron una foto juntos con el cl\u00e1sico empapelado que adorna el estudio del argentino y un breve texto que confirmaba la llegada de la \u00abBzrp. Music Session #53\u00bb.En simult\u00e1neo desde sus cuentas de Instagram, los artistas subieron una foto juntos con el cl\u00e1sico empapelado que adorna el estudio del argentino y un breve texto que confirmaba la llegada de la \u00abBzrp. Music Session #53\u00bb.<\/p>\n","protected":false},"excerpt":{"rendered":"<p>En simult\u00e1neo desde sus cuentas de Instagram, los artistas subieron una foto juntos con el&#8230;<\/p>\n","protected":false},"author":2,"featured_media":158644,"comment_status":"open","ping_status":"open","sticky":false,"template":"","format":"standard","meta":{"footnotes":""},"categories":[4],"tags":[],"class_list":["post-158643","post","type-post","status-publish","format-standard","has-post-thumbnail","hentry","category-espectaculos"],"featured_image_urls":{"full":"","thumbnail":"","medium":"","medium_large":"","large":"","1536x1536":"","2048x2048":"","newsium-slider-full":"","newsium-featured":"","newsium-medium":""},"author_info":{"info":["c1500921"]},"category_info":"<a href=\"https:\/\/radiofenix.com.ar\/2023\/category\/espectaculos\/\" rel=\"category tag\">Espectaculos<\/a>","tag_info":"Espectaculos","comment_count":"0","_links":{"self":[{"href":"https:\/\/radiofenix.com.ar\/2023\/wp-json\/wp\/v2\/posts\/158643","targetHints":{"allow":["GET"]}}],"collection":[{"href":"https:\/\/radiofenix.com.ar\/2023\/wp-json\/wp\/v2\/posts"}],"about":[{"href":"https:\/\/radiofenix.com.ar\/2023\/wp-json\/wp\/v2\/types\/post"}],"author":[{"embeddable":true,"href":"https:\/\/radiofenix.com.ar\/2023\/wp-json\/wp\/v2\/users\/2"}],"replies":[{"embeddable":true,"href":"https:\/\/radiofenix.com.ar\/2023\/wp-json\/wp\/v2\/comments?post=158643"}],"version-history":[{"count":0,"href":"https:\/\/radiofenix.com.ar\/2023\/wp-json\/wp\/v2\/posts\/158643\/revisions"}],"wp:featuredmedia":[{"embeddable":true,"href":"https:\/\/radiofenix.com.ar\/2023\/wp-json\/"}],"wp:attachment":[{"href":"https:\/\/radiofenix.com.ar\/2023\/wp-json\/wp\/v2\/media?parent=158643"}],"wp:term":[{"taxonomy":"category","embeddable":true,"href":"https:\/\/radiofenix.com.ar\/2023\/wp-json\/wp\/v2\/categories?post=158643"},{"taxonomy":"post_tag","embeddable":true,"href":"https:\/\/radiofenix.com.ar\/2023\/wp-json\/wp\/v2\/tags?post=158643"}],"curies":[{"name":"wp","href":"https:\/\/api.w.org\/{rel}","templated":true}]}}