{"id":158647,"date":"2023-01-11T02:04:26","date_gmt":"2023-01-11T02:04:26","guid":{"rendered":"http:\/\/radiofenix.com.ar\/girard-el-pro-financia-su-proyecto-presidencial-quitandole-recursos-a-las-provincias\/"},"modified":"2023-01-11T02:04:26","modified_gmt":"2023-01-11T02:04:26","slug":"girard-el-pro-financia-su-proyecto-presidencial-quitandole-recursos-a-las-provincias","status":"publish","type":"post","link":"https:\/\/radiofenix.com.ar\/2023\/girard-el-pro-financia-su-proyecto-presidencial-quitandole-recursos-a-las-provincias\/","title":{"rendered":"Girard: \u00abEl PRO financia su proyecto presidencial quit\u00e1ndole recursos a las provincias\u00bb"},"content":{"rendered":"<p>As\u00ed lo advirti\u00f3 el director de la Agencia de Recaudaci\u00f3n de la provincia de Buenos Aires (ARBA), en relacion al reciente fallo de la Corte Suprema de Justicia sobre la coparticipaci\u00f3n en favor de CABA.As\u00ed lo advirti\u00f3 el director de la Agencia de Recaudaci\u00f3n de la provincia de Buenos Aires (ARBA), en relacion al reciente fallo de la Corte Suprema de Justicia sobre la coparticipaci\u00f3n en favor de CABA.<\/p>\n","protected":false},"excerpt":{"rendered":"<p>As\u00ed lo advirti\u00f3 el director de la Agencia de Recaudaci\u00f3n de la provincia de Buenos&#8230;<\/p>\n","protected":false},"author":2,"featured_media":158648,"comment_status":"open","ping_status":"open","sticky":false,"template":"","format":"standard","meta":{"footnotes":""},"categories":[2],"tags":[],"class_list":["post-158647","post","type-post","status-publish","format-standard","has-post-thumbnail","hentry","category-politica"],"featured_image_urls":{"full":"","thumbnail":"","medium":"","medium_large":"","large":"","1536x1536":"","2048x2048":"","newsium-slider-full":"","newsium-featured":"","newsium-medium":""},"author_info":{"info":["c1500921"]},"category_info":"<a href=\"https:\/\/radiofenix.com.ar\/2023\/category\/politica\/\" rel=\"category tag\">Pol\u00edtica<\/a>","tag_info":"Pol\u00edtica","comment_count":"0","_links":{"self":[{"href":"https:\/\/radiofenix.com.ar\/2023\/wp-json\/wp\/v2\/posts\/158647","targetHints":{"allow":["GET"]}}],"collection":[{"href":"https:\/\/radiofenix.com.ar\/2023\/wp-json\/wp\/v2\/posts"}],"about":[{"href":"https:\/\/radiofenix.com.ar\/2023\/wp-json\/wp\/v2\/types\/post"}],"author":[{"embeddable":true,"href":"https:\/\/radiofenix.com.ar\/2023\/wp-json\/wp\/v2\/users\/2"}],"replies":[{"embeddable":true,"href":"https:\/\/radiofenix.com.ar\/2023\/wp-json\/wp\/v2\/comments?post=158647"}],"version-history":[{"count":0,"href":"https:\/\/radiofenix.com.ar\/2023\/wp-json\/wp\/v2\/posts\/158647\/revisions"}],"wp:featuredmedia":[{"embeddable":true,"href":"https:\/\/radiofenix.com.ar\/2023\/wp-json\/"}],"wp:attachment":[{"href":"https:\/\/radiofenix.com.ar\/2023\/wp-json\/wp\/v2\/media?parent=158647"}],"wp:term":[{"taxonomy":"category","embeddable":true,"href":"https:\/\/radiofenix.com.ar\/2023\/wp-json\/wp\/v2\/categories?post=158647"},{"taxonomy":"post_tag","embeddable":true,"href":"https:\/\/radiofenix.com.ar\/2023\/wp-json\/wp\/v2\/tags?post=158647"}],"curies":[{"name":"wp","href":"https:\/\/api.w.org\/{rel}","templated":true}]}}