{"id":158661,"date":"2023-01-11T11:05:14","date_gmt":"2023-01-11T11:05:14","guid":{"rendered":"http:\/\/radiofenix.com.ar\/fernandez-inaugura-el-hospital-modular-de-los-cardales-2\/"},"modified":"2023-01-11T11:05:14","modified_gmt":"2023-01-11T11:05:14","slug":"fernandez-inaugura-el-hospital-modular-de-los-cardales-2","status":"publish","type":"post","link":"https:\/\/radiofenix.com.ar\/2023\/fernandez-inaugura-el-hospital-modular-de-los-cardales-2\/","title":{"rendered":"Fern\u00e1ndez inaugura el Hospital Modular de Los Cardales"},"content":{"rendered":"<p>El Presidente encabezar\u00e1 un acto en la colectora R\u00edo Luj\u00e1n de Ruta 6, acompa\u00f1ado por el ministro de Obras P\u00fablicas, Gabriel Katopodis; y el intendente local Diego Nanni.El Presidente encabezar\u00e1 un acto en la colectora R\u00edo Luj\u00e1n de Ruta 6, acompa\u00f1ado por el ministro de Obras P\u00fablicas, Gabriel Katopodis; y el intendente local Diego Nanni.<\/p>\n","protected":false},"excerpt":{"rendered":"<p>El Presidente encabezar\u00e1 un acto en la colectora R\u00edo Luj\u00e1n de Ruta 6, acompa\u00f1ado por&#8230;<\/p>\n","protected":false},"author":2,"featured_media":158662,"comment_status":"open","ping_status":"open","sticky":false,"template":"","format":"standard","meta":{"footnotes":""},"categories":[2],"tags":[],"class_list":["post-158661","post","type-post","status-publish","format-standard","has-post-thumbnail","hentry","category-politica"],"featured_image_urls":{"full":"","thumbnail":"","medium":"","medium_large":"","large":"","1536x1536":"","2048x2048":"","newsium-slider-full":"","newsium-featured":"","newsium-medium":""},"author_info":{"info":["c1500921"]},"category_info":"<a href=\"https:\/\/radiofenix.com.ar\/2023\/category\/politica\/\" rel=\"category tag\">Pol\u00edtica<\/a>","tag_info":"Pol\u00edtica","comment_count":"0","_links":{"self":[{"href":"https:\/\/radiofenix.com.ar\/2023\/wp-json\/wp\/v2\/posts\/158661","targetHints":{"allow":["GET"]}}],"collection":[{"href":"https:\/\/radiofenix.com.ar\/2023\/wp-json\/wp\/v2\/posts"}],"about":[{"href":"https:\/\/radiofenix.com.ar\/2023\/wp-json\/wp\/v2\/types\/post"}],"author":[{"embeddable":true,"href":"https:\/\/radiofenix.com.ar\/2023\/wp-json\/wp\/v2\/users\/2"}],"replies":[{"embeddable":true,"href":"https:\/\/radiofenix.com.ar\/2023\/wp-json\/wp\/v2\/comments?post=158661"}],"version-history":[{"count":0,"href":"https:\/\/radiofenix.com.ar\/2023\/wp-json\/wp\/v2\/posts\/158661\/revisions"}],"wp:featuredmedia":[{"embeddable":true,"href":"https:\/\/radiofenix.com.ar\/2023\/wp-json\/"}],"wp:attachment":[{"href":"https:\/\/radiofenix.com.ar\/2023\/wp-json\/wp\/v2\/media?parent=158661"}],"wp:term":[{"taxonomy":"category","embeddable":true,"href":"https:\/\/radiofenix.com.ar\/2023\/wp-json\/wp\/v2\/categories?post=158661"},{"taxonomy":"post_tag","embeddable":true,"href":"https:\/\/radiofenix.com.ar\/2023\/wp-json\/wp\/v2\/tags?post=158661"}],"curies":[{"name":"wp","href":"https:\/\/api.w.org\/{rel}","templated":true}]}}