{"id":158667,"date":"2023-01-11T12:59:00","date_gmt":"2023-01-11T12:59:00","guid":{"rendered":"http:\/\/radiofenix.com.ar\/declararon-la-emergencia-agropecuaria-en-mendoza-por-las-heladas-tardias\/"},"modified":"2023-01-11T12:59:00","modified_gmt":"2023-01-11T12:59:00","slug":"declararon-la-emergencia-agropecuaria-en-mendoza-por-las-heladas-tardias","status":"publish","type":"post","link":"https:\/\/radiofenix.com.ar\/2023\/declararon-la-emergencia-agropecuaria-en-mendoza-por-las-heladas-tardias\/","title":{"rendered":"Declararon la emergencia agropecuaria en Mendoza por las heladas tard\u00edas"},"content":{"rendered":"<p>La medida abarca a 135 distritos localizados en 15 de los 18 departamentos de la provincia: San Carlos, Tunuy\u00e1n, Tupungato, Jun\u00edn, La Paz, Rivadavia, San Mart\u00edn, Santa Rosa, Guaymall\u00e9n, Las Heras, Lavalle, Luj\u00e1n de Cuyo, Maip\u00fa, General Alvear y San Rafael.<\/p>\n<p>\t\u00a0<\/p>\n","protected":false},"excerpt":{"rendered":"<p>La medida abarca a 135 distritos localizados en 15 de los 18 departamentos de la&#8230;<\/p>\n","protected":false},"author":2,"featured_media":158668,"comment_status":"open","ping_status":"open","sticky":false,"template":"","format":"standard","meta":{"footnotes":""},"categories":[5],"tags":[],"class_list":["post-158667","post","type-post","status-publish","format-standard","has-post-thumbnail","hentry","category-economia"],"featured_image_urls":{"full":"","thumbnail":"","medium":"","medium_large":"","large":"","1536x1536":"","2048x2048":"","newsium-slider-full":"","newsium-featured":"","newsium-medium":""},"author_info":{"info":["c1500921"]},"category_info":"<a href=\"https:\/\/radiofenix.com.ar\/2023\/category\/economia\/\" rel=\"category tag\">Economia<\/a>","tag_info":"Economia","comment_count":"0","_links":{"self":[{"href":"https:\/\/radiofenix.com.ar\/2023\/wp-json\/wp\/v2\/posts\/158667","targetHints":{"allow":["GET"]}}],"collection":[{"href":"https:\/\/radiofenix.com.ar\/2023\/wp-json\/wp\/v2\/posts"}],"about":[{"href":"https:\/\/radiofenix.com.ar\/2023\/wp-json\/wp\/v2\/types\/post"}],"author":[{"embeddable":true,"href":"https:\/\/radiofenix.com.ar\/2023\/wp-json\/wp\/v2\/users\/2"}],"replies":[{"embeddable":true,"href":"https:\/\/radiofenix.com.ar\/2023\/wp-json\/wp\/v2\/comments?post=158667"}],"version-history":[{"count":0,"href":"https:\/\/radiofenix.com.ar\/2023\/wp-json\/wp\/v2\/posts\/158667\/revisions"}],"wp:featuredmedia":[{"embeddable":true,"href":"https:\/\/radiofenix.com.ar\/2023\/wp-json\/"}],"wp:attachment":[{"href":"https:\/\/radiofenix.com.ar\/2023\/wp-json\/wp\/v2\/media?parent=158667"}],"wp:term":[{"taxonomy":"category","embeddable":true,"href":"https:\/\/radiofenix.com.ar\/2023\/wp-json\/wp\/v2\/categories?post=158667"},{"taxonomy":"post_tag","embeddable":true,"href":"https:\/\/radiofenix.com.ar\/2023\/wp-json\/wp\/v2\/tags?post=158667"}],"curies":[{"name":"wp","href":"https:\/\/api.w.org\/{rel}","templated":true}]}}