{"id":158699,"date":"2023-01-11T16:06:19","date_gmt":"2023-01-11T16:06:19","guid":{"rendered":"http:\/\/radiofenix.com.ar\/alberto-fernandez-argentina-necesita-un-desarrollo-general-y-mas-igualitario\/"},"modified":"2023-01-11T16:06:19","modified_gmt":"2023-01-11T16:06:19","slug":"alberto-fernandez-argentina-necesita-un-desarrollo-general-y-mas-igualitario","status":"publish","type":"post","link":"https:\/\/radiofenix.com.ar\/2023\/alberto-fernandez-argentina-necesita-un-desarrollo-general-y-mas-igualitario\/","title":{"rendered":"Alberto Fern\u00e1ndez: Argentina \u00abnecesita un desarrollo general y m\u00e1s igualitario\u00bb"},"content":{"rendered":"<p>El Presidente afirm\u00f3 quie el pa\u00eds debi\u00f3 enfrentar \u00abdos a\u00f1os muy dif\u00edciles\u00bb por la pandemia de coronavirus y la guerra entre Ucrania y Rusia, pero afirm\u00f3 que ahora\u00a0\u00abse puede pensar en el desarrollo del pa\u00eds\u00bb.El Presidente afirm\u00f3 quie el pa\u00eds debi\u00f3 enfrentar \u00abdos a\u00f1os muy dif\u00edciles\u00bb por la pandemia de coronavirus y la guerra entre Ucrania y Rusia, pero afirm\u00f3 que ahora\u00a0\u00abse puede pensar en el desarrollo del pa\u00eds\u00bb.<\/p>\n","protected":false},"excerpt":{"rendered":"<p>El Presidente afirm\u00f3 quie el pa\u00eds debi\u00f3 enfrentar \u00abdos a\u00f1os muy dif\u00edciles\u00bb por la pandemia&#8230;<\/p>\n","protected":false},"author":2,"featured_media":158700,"comment_status":"open","ping_status":"open","sticky":false,"template":"","format":"standard","meta":{"footnotes":""},"categories":[2],"tags":[],"class_list":["post-158699","post","type-post","status-publish","format-standard","has-post-thumbnail","hentry","category-politica"],"featured_image_urls":{"full":"","thumbnail":"","medium":"","medium_large":"","large":"","1536x1536":"","2048x2048":"","newsium-slider-full":"","newsium-featured":"","newsium-medium":""},"author_info":{"info":["c1500921"]},"category_info":"<a href=\"https:\/\/radiofenix.com.ar\/2023\/category\/politica\/\" rel=\"category tag\">Pol\u00edtica<\/a>","tag_info":"Pol\u00edtica","comment_count":"0","_links":{"self":[{"href":"https:\/\/radiofenix.com.ar\/2023\/wp-json\/wp\/v2\/posts\/158699","targetHints":{"allow":["GET"]}}],"collection":[{"href":"https:\/\/radiofenix.com.ar\/2023\/wp-json\/wp\/v2\/posts"}],"about":[{"href":"https:\/\/radiofenix.com.ar\/2023\/wp-json\/wp\/v2\/types\/post"}],"author":[{"embeddable":true,"href":"https:\/\/radiofenix.com.ar\/2023\/wp-json\/wp\/v2\/users\/2"}],"replies":[{"embeddable":true,"href":"https:\/\/radiofenix.com.ar\/2023\/wp-json\/wp\/v2\/comments?post=158699"}],"version-history":[{"count":0,"href":"https:\/\/radiofenix.com.ar\/2023\/wp-json\/wp\/v2\/posts\/158699\/revisions"}],"wp:featuredmedia":[{"embeddable":true,"href":"https:\/\/radiofenix.com.ar\/2023\/wp-json\/"}],"wp:attachment":[{"href":"https:\/\/radiofenix.com.ar\/2023\/wp-json\/wp\/v2\/media?parent=158699"}],"wp:term":[{"taxonomy":"category","embeddable":true,"href":"https:\/\/radiofenix.com.ar\/2023\/wp-json\/wp\/v2\/categories?post=158699"},{"taxonomy":"post_tag","embeddable":true,"href":"https:\/\/radiofenix.com.ar\/2023\/wp-json\/wp\/v2\/tags?post=158699"}],"curies":[{"name":"wp","href":"https:\/\/api.w.org\/{rel}","templated":true}]}}