{"id":158723,"date":"2023-01-11T16:15:00","date_gmt":"2023-01-11T16:15:00","guid":{"rendered":"http:\/\/radiofenix.com.ar\/las-operadoras-moviles-tendran-que-requerir-reconocimiento-facial-para-cambiar-las-sim\/"},"modified":"2023-01-11T16:15:00","modified_gmt":"2023-01-11T16:15:00","slug":"las-operadoras-moviles-tendran-que-requerir-reconocimiento-facial-para-cambiar-las-sim","status":"publish","type":"post","link":"https:\/\/radiofenix.com.ar\/2023\/las-operadoras-moviles-tendran-que-requerir-reconocimiento-facial-para-cambiar-las-sim\/","title":{"rendered":"Las operadoras m\u00f3viles tendr\u00e1n que requerir reconocimiento facial para cambiar las SIM"},"content":{"rendered":"<p>La jueza federal Mar\u00eda Servini determin\u00f3 que el Ente Nacional de Comunicaciones adopte las medidas que sean necesarias para impedir el hackeo de los tel\u00e9fonos celulares a trav\u00e9s del m\u00e9todo denominado &amp;ldquo;SIM Swap&amp;rdquo;.<\/p>\n","protected":false},"excerpt":{"rendered":"<p>La jueza federal Mar\u00eda Servini determin\u00f3 que el Ente Nacional de Comunicaciones adopte las medidas&#8230;<\/p>\n","protected":false},"author":2,"featured_media":158724,"comment_status":"open","ping_status":"open","sticky":false,"template":"","format":"standard","meta":{"footnotes":""},"categories":[5],"tags":[],"class_list":["post-158723","post","type-post","status-publish","format-standard","has-post-thumbnail","hentry","category-economia"],"featured_image_urls":{"full":"","thumbnail":"","medium":"","medium_large":"","large":"","1536x1536":"","2048x2048":"","newsium-slider-full":"","newsium-featured":"","newsium-medium":""},"author_info":{"info":["c1500921"]},"category_info":"<a href=\"https:\/\/radiofenix.com.ar\/2023\/category\/economia\/\" rel=\"category tag\">Economia<\/a>","tag_info":"Economia","comment_count":"0","_links":{"self":[{"href":"https:\/\/radiofenix.com.ar\/2023\/wp-json\/wp\/v2\/posts\/158723","targetHints":{"allow":["GET"]}}],"collection":[{"href":"https:\/\/radiofenix.com.ar\/2023\/wp-json\/wp\/v2\/posts"}],"about":[{"href":"https:\/\/radiofenix.com.ar\/2023\/wp-json\/wp\/v2\/types\/post"}],"author":[{"embeddable":true,"href":"https:\/\/radiofenix.com.ar\/2023\/wp-json\/wp\/v2\/users\/2"}],"replies":[{"embeddable":true,"href":"https:\/\/radiofenix.com.ar\/2023\/wp-json\/wp\/v2\/comments?post=158723"}],"version-history":[{"count":0,"href":"https:\/\/radiofenix.com.ar\/2023\/wp-json\/wp\/v2\/posts\/158723\/revisions"}],"wp:featuredmedia":[{"embeddable":true,"href":"https:\/\/radiofenix.com.ar\/2023\/wp-json\/"}],"wp:attachment":[{"href":"https:\/\/radiofenix.com.ar\/2023\/wp-json\/wp\/v2\/media?parent=158723"}],"wp:term":[{"taxonomy":"category","embeddable":true,"href":"https:\/\/radiofenix.com.ar\/2023\/wp-json\/wp\/v2\/categories?post=158723"},{"taxonomy":"post_tag","embeddable":true,"href":"https:\/\/radiofenix.com.ar\/2023\/wp-json\/wp\/v2\/tags?post=158723"}],"curies":[{"name":"wp","href":"https:\/\/api.w.org\/{rel}","templated":true}]}}