{"id":158763,"date":"2023-01-12T00:07:00","date_gmt":"2023-01-12T00:07:00","guid":{"rendered":"http:\/\/radiofenix.com.ar\/murio-a-los-78-anos-el-legendario-guitarrista-britanico-jeff-beck\/"},"modified":"2023-01-12T00:07:00","modified_gmt":"2023-01-12T00:07:00","slug":"murio-a-los-78-anos-el-legendario-guitarrista-britanico-jeff-beck","status":"publish","type":"post","link":"https:\/\/radiofenix.com.ar\/2023\/murio-a-los-78-anos-el-legendario-guitarrista-britanico-jeff-beck\/","title":{"rendered":"Muri\u00f3 a los 78 a\u00f1os el legendario guitarrista brit\u00e1nico Jeff Beck"},"content":{"rendered":"<p>El ganador de 8 premios Grammy falleci\u00f3 el martes despu\u00e9s que \u00abcontrajo repentinamente una meningitis bacteriana\u00bb, se\u00f1al\u00f3 su representante, quien adem\u00e1s pidi\u00f3 \u00abprivacidad\u00bb para la familia mientras \u00abprocesan esta tremenda p\u00e9rdida\u00bb.El ganador de 8 premios Grammy falleci\u00f3 el martes despu\u00e9s que \u00abcontrajo repentinamente una meningitis bacteriana\u00bb, se\u00f1al\u00f3 su representante, quien adem\u00e1s pidi\u00f3 \u00abprivacidad\u00bb para la familia mientras \u00abprocesan esta tremenda p\u00e9rdida\u00bb.<\/p>\n","protected":false},"excerpt":{"rendered":"<p>El ganador de 8 premios Grammy falleci\u00f3 el martes despu\u00e9s que \u00abcontrajo repentinamente una meningitis&#8230;<\/p>\n","protected":false},"author":2,"featured_media":158764,"comment_status":"open","ping_status":"open","sticky":false,"template":"","format":"standard","meta":{"footnotes":""},"categories":[4],"tags":[],"class_list":["post-158763","post","type-post","status-publish","format-standard","has-post-thumbnail","hentry","category-espectaculos"],"featured_image_urls":{"full":"","thumbnail":"","medium":"","medium_large":"","large":"","1536x1536":"","2048x2048":"","newsium-slider-full":"","newsium-featured":"","newsium-medium":""},"author_info":{"info":["c1500921"]},"category_info":"<a href=\"https:\/\/radiofenix.com.ar\/2023\/category\/espectaculos\/\" rel=\"category tag\">Espectaculos<\/a>","tag_info":"Espectaculos","comment_count":"0","_links":{"self":[{"href":"https:\/\/radiofenix.com.ar\/2023\/wp-json\/wp\/v2\/posts\/158763","targetHints":{"allow":["GET"]}}],"collection":[{"href":"https:\/\/radiofenix.com.ar\/2023\/wp-json\/wp\/v2\/posts"}],"about":[{"href":"https:\/\/radiofenix.com.ar\/2023\/wp-json\/wp\/v2\/types\/post"}],"author":[{"embeddable":true,"href":"https:\/\/radiofenix.com.ar\/2023\/wp-json\/wp\/v2\/users\/2"}],"replies":[{"embeddable":true,"href":"https:\/\/radiofenix.com.ar\/2023\/wp-json\/wp\/v2\/comments?post=158763"}],"version-history":[{"count":0,"href":"https:\/\/radiofenix.com.ar\/2023\/wp-json\/wp\/v2\/posts\/158763\/revisions"}],"wp:featuredmedia":[{"embeddable":true,"href":"https:\/\/radiofenix.com.ar\/2023\/wp-json\/"}],"wp:attachment":[{"href":"https:\/\/radiofenix.com.ar\/2023\/wp-json\/wp\/v2\/media?parent=158763"}],"wp:term":[{"taxonomy":"category","embeddable":true,"href":"https:\/\/radiofenix.com.ar\/2023\/wp-json\/wp\/v2\/categories?post=158763"},{"taxonomy":"post_tag","embeddable":true,"href":"https:\/\/radiofenix.com.ar\/2023\/wp-json\/wp\/v2\/tags?post=158763"}],"curies":[{"name":"wp","href":"https:\/\/api.w.org\/{rel}","templated":true}]}}