{"id":158789,"date":"2023-01-12T01:12:00","date_gmt":"2023-01-12T01:12:00","guid":{"rendered":"http:\/\/radiofenix.com.ar\/los-fabulosos-cadillacs-se-presentara-en-el-famoso-festival-coachella-en-california\/"},"modified":"2023-01-12T01:12:00","modified_gmt":"2023-01-12T01:12:00","slug":"los-fabulosos-cadillacs-se-presentara-en-el-famoso-festival-coachella-en-california","status":"publish","type":"post","link":"https:\/\/radiofenix.com.ar\/2023\/los-fabulosos-cadillacs-se-presentara-en-el-famoso-festival-coachella-en-california\/","title":{"rendered":"Los Fabulosos Cadillacs se presentar\u00e1 en el famoso festival Coachella en California"},"content":{"rendered":"<p>Poco antes de su regreso a los escenarios porte\u00f1os tras cinco a\u00f1os de ausencia, el grupo liderado por Vicentico ser\u00e1 parte en abril del famoso festival que se realiza en Indio, en la costa oeste estadounidense.Poco antes de su regreso a los escenarios porte\u00f1os tras cinco a\u00f1os de ausencia, el grupo liderado por Vicentico ser\u00e1 parte en abril del famoso festival que se realiza en Indio, en la costa oeste estadounidense.<\/p>\n","protected":false},"excerpt":{"rendered":"<p>Poco antes de su regreso a los escenarios porte\u00f1os tras cinco a\u00f1os de ausencia, el&#8230;<\/p>\n","protected":false},"author":2,"featured_media":158790,"comment_status":"open","ping_status":"open","sticky":false,"template":"","format":"standard","meta":{"footnotes":""},"categories":[4],"tags":[],"class_list":["post-158789","post","type-post","status-publish","format-standard","has-post-thumbnail","hentry","category-espectaculos"],"featured_image_urls":{"full":"","thumbnail":"","medium":"","medium_large":"","large":"","1536x1536":"","2048x2048":"","newsium-slider-full":"","newsium-featured":"","newsium-medium":""},"author_info":{"info":["c1500921"]},"category_info":"<a href=\"https:\/\/radiofenix.com.ar\/2023\/category\/espectaculos\/\" rel=\"category tag\">Espectaculos<\/a>","tag_info":"Espectaculos","comment_count":"0","_links":{"self":[{"href":"https:\/\/radiofenix.com.ar\/2023\/wp-json\/wp\/v2\/posts\/158789","targetHints":{"allow":["GET"]}}],"collection":[{"href":"https:\/\/radiofenix.com.ar\/2023\/wp-json\/wp\/v2\/posts"}],"about":[{"href":"https:\/\/radiofenix.com.ar\/2023\/wp-json\/wp\/v2\/types\/post"}],"author":[{"embeddable":true,"href":"https:\/\/radiofenix.com.ar\/2023\/wp-json\/wp\/v2\/users\/2"}],"replies":[{"embeddable":true,"href":"https:\/\/radiofenix.com.ar\/2023\/wp-json\/wp\/v2\/comments?post=158789"}],"version-history":[{"count":0,"href":"https:\/\/radiofenix.com.ar\/2023\/wp-json\/wp\/v2\/posts\/158789\/revisions"}],"wp:featuredmedia":[{"embeddable":true,"href":"https:\/\/radiofenix.com.ar\/2023\/wp-json\/"}],"wp:attachment":[{"href":"https:\/\/radiofenix.com.ar\/2023\/wp-json\/wp\/v2\/media?parent=158789"}],"wp:term":[{"taxonomy":"category","embeddable":true,"href":"https:\/\/radiofenix.com.ar\/2023\/wp-json\/wp\/v2\/categories?post=158789"},{"taxonomy":"post_tag","embeddable":true,"href":"https:\/\/radiofenix.com.ar\/2023\/wp-json\/wp\/v2\/tags?post=158789"}],"curies":[{"name":"wp","href":"https:\/\/api.w.org\/{rel}","templated":true}]}}