{"id":158811,"date":"2023-01-12T12:04:41","date_gmt":"2023-01-12T12:04:41","guid":{"rendered":"http:\/\/radiofenix.com.ar\/schwartzman-debutara-ante-el-ucraniano-krutykh-en-el-abierto-de-australia\/"},"modified":"2023-01-12T12:04:41","modified_gmt":"2023-01-12T12:04:41","slug":"schwartzman-debutara-ante-el-ucraniano-krutykh-en-el-abierto-de-australia","status":"publish","type":"post","link":"https:\/\/radiofenix.com.ar\/2023\/schwartzman-debutara-ante-el-ucraniano-krutykh-en-el-abierto-de-australia\/","title":{"rendered":"Schwartzman debutar\u00e1 ante el ucraniano Krutykh en el Abierto de Australia"},"content":{"rendered":"<p>El \u00abPeque\u00bb no llega en su mejor forma al torneo, que comenzar\u00e1 el lunes en la ciudad de Melbourne. Otros partidos interesantes ser\u00e1n los de Casper Ruud con el checo Tomas Machac; Daniil Medvedev, finalista en los dos \u00faltimos torneos australianos, ante el estadounidense Marcos Giron; y Stefanos Tsitsipas ante el franc\u00e9s Quentin Halys.<\/p>\n","protected":false},"excerpt":{"rendered":"<p>El \u00abPeque\u00bb no llega en su mejor forma al torneo, que comenzar\u00e1 el lunes en&#8230;<\/p>\n","protected":false},"author":2,"featured_media":158812,"comment_status":"open","ping_status":"open","sticky":false,"template":"","format":"standard","meta":{"footnotes":""},"categories":[3],"tags":[],"class_list":["post-158811","post","type-post","status-publish","format-standard","has-post-thumbnail","hentry","category-deportes"],"featured_image_urls":{"full":"","thumbnail":"","medium":"","medium_large":"","large":"","1536x1536":"","2048x2048":"","newsium-slider-full":"","newsium-featured":"","newsium-medium":""},"author_info":{"info":["c1500921"]},"category_info":"<a href=\"https:\/\/radiofenix.com.ar\/2023\/category\/deportes\/\" rel=\"category tag\">Deportes<\/a>","tag_info":"Deportes","comment_count":"0","_links":{"self":[{"href":"https:\/\/radiofenix.com.ar\/2023\/wp-json\/wp\/v2\/posts\/158811","targetHints":{"allow":["GET"]}}],"collection":[{"href":"https:\/\/radiofenix.com.ar\/2023\/wp-json\/wp\/v2\/posts"}],"about":[{"href":"https:\/\/radiofenix.com.ar\/2023\/wp-json\/wp\/v2\/types\/post"}],"author":[{"embeddable":true,"href":"https:\/\/radiofenix.com.ar\/2023\/wp-json\/wp\/v2\/users\/2"}],"replies":[{"embeddable":true,"href":"https:\/\/radiofenix.com.ar\/2023\/wp-json\/wp\/v2\/comments?post=158811"}],"version-history":[{"count":0,"href":"https:\/\/radiofenix.com.ar\/2023\/wp-json\/wp\/v2\/posts\/158811\/revisions"}],"wp:featuredmedia":[{"embeddable":true,"href":"https:\/\/radiofenix.com.ar\/2023\/wp-json\/"}],"wp:attachment":[{"href":"https:\/\/radiofenix.com.ar\/2023\/wp-json\/wp\/v2\/media?parent=158811"}],"wp:term":[{"taxonomy":"category","embeddable":true,"href":"https:\/\/radiofenix.com.ar\/2023\/wp-json\/wp\/v2\/categories?post=158811"},{"taxonomy":"post_tag","embeddable":true,"href":"https:\/\/radiofenix.com.ar\/2023\/wp-json\/wp\/v2\/tags?post=158811"}],"curies":[{"name":"wp","href":"https:\/\/api.w.org\/{rel}","templated":true}]}}