{"id":158821,"date":"2023-01-12T13:20:00","date_gmt":"2023-01-12T13:20:00","guid":{"rendered":"http:\/\/radiofenix.com.ar\/afip-extendio-el-plazo-para-que-empleadores-cumplan-con-sus-obligaciones\/"},"modified":"2023-01-12T13:20:00","modified_gmt":"2023-01-12T13:20:00","slug":"afip-extendio-el-plazo-para-que-empleadores-cumplan-con-sus-obligaciones","status":"publish","type":"post","link":"https:\/\/radiofenix.com.ar\/2023\/afip-extendio-el-plazo-para-que-empleadores-cumplan-con-sus-obligaciones\/","title":{"rendered":"AFIP extendi\u00f3 el plazo para que empleadores cumplan con sus obligaciones"},"content":{"rendered":"<p>La pr\u00f3rroga est\u00e1 dirigida a aquellos que ten\u00edan vencimientos entre el 9 y el 11 de enero para la\u00a0presentaci\u00f3n y pago de las declaraciones juradas de aportes y contribuciones de diciembre.<\/p>\n","protected":false},"excerpt":{"rendered":"<p>La pr\u00f3rroga est\u00e1 dirigida a aquellos que ten\u00edan vencimientos entre el 9 y el 11&#8230;<\/p>\n","protected":false},"author":2,"featured_media":158822,"comment_status":"open","ping_status":"open","sticky":false,"template":"","format":"standard","meta":{"footnotes":""},"categories":[5],"tags":[],"class_list":["post-158821","post","type-post","status-publish","format-standard","has-post-thumbnail","hentry","category-economia"],"featured_image_urls":{"full":"","thumbnail":"","medium":"","medium_large":"","large":"","1536x1536":"","2048x2048":"","newsium-slider-full":"","newsium-featured":"","newsium-medium":""},"author_info":{"info":["c1500921"]},"category_info":"<a href=\"https:\/\/radiofenix.com.ar\/2023\/category\/economia\/\" rel=\"category tag\">Economia<\/a>","tag_info":"Economia","comment_count":"0","_links":{"self":[{"href":"https:\/\/radiofenix.com.ar\/2023\/wp-json\/wp\/v2\/posts\/158821","targetHints":{"allow":["GET"]}}],"collection":[{"href":"https:\/\/radiofenix.com.ar\/2023\/wp-json\/wp\/v2\/posts"}],"about":[{"href":"https:\/\/radiofenix.com.ar\/2023\/wp-json\/wp\/v2\/types\/post"}],"author":[{"embeddable":true,"href":"https:\/\/radiofenix.com.ar\/2023\/wp-json\/wp\/v2\/users\/2"}],"replies":[{"embeddable":true,"href":"https:\/\/radiofenix.com.ar\/2023\/wp-json\/wp\/v2\/comments?post=158821"}],"version-history":[{"count":0,"href":"https:\/\/radiofenix.com.ar\/2023\/wp-json\/wp\/v2\/posts\/158821\/revisions"}],"wp:featuredmedia":[{"embeddable":true,"href":"https:\/\/radiofenix.com.ar\/2023\/wp-json\/"}],"wp:attachment":[{"href":"https:\/\/radiofenix.com.ar\/2023\/wp-json\/wp\/v2\/media?parent=158821"}],"wp:term":[{"taxonomy":"category","embeddable":true,"href":"https:\/\/radiofenix.com.ar\/2023\/wp-json\/wp\/v2\/categories?post=158821"},{"taxonomy":"post_tag","embeddable":true,"href":"https:\/\/radiofenix.com.ar\/2023\/wp-json\/wp\/v2\/tags?post=158821"}],"curies":[{"name":"wp","href":"https:\/\/api.w.org\/{rel}","templated":true}]}}