{"id":158823,"date":"2023-01-12T13:06:00","date_gmt":"2023-01-12T13:06:00","guid":{"rendered":"http:\/\/radiofenix.com.ar\/crean-un-programa-de-compensacion-economica-para-productores-patagonicos-de-lana\/"},"modified":"2023-01-12T13:06:00","modified_gmt":"2023-01-12T13:06:00","slug":"crean-un-programa-de-compensacion-economica-para-productores-patagonicos-de-lana","status":"publish","type":"post","link":"https:\/\/radiofenix.com.ar\/2023\/crean-un-programa-de-compensacion-economica-para-productores-patagonicos-de-lana\/","title":{"rendered":"Crean un programa de compensaci\u00f3n econ\u00f3mica para productores patag\u00f3nicos de lana"},"content":{"rendered":"<p>La iniciativa tom\u00f3 en cuenta el pedido de las provincias de la regi\u00f3n, que solicitaron un apoyo para los peque\u00f1os y medianos productores, y\u00a0se fundamenta por la ca\u00edda progresiva de los precios internacionales.<\/p>\n","protected":false},"excerpt":{"rendered":"<p>La iniciativa tom\u00f3 en cuenta el pedido de las provincias de la regi\u00f3n, que solicitaron&#8230;<\/p>\n","protected":false},"author":2,"featured_media":158824,"comment_status":"open","ping_status":"open","sticky":false,"template":"","format":"standard","meta":{"footnotes":""},"categories":[5],"tags":[],"class_list":["post-158823","post","type-post","status-publish","format-standard","has-post-thumbnail","hentry","category-economia"],"featured_image_urls":{"full":"","thumbnail":"","medium":"","medium_large":"","large":"","1536x1536":"","2048x2048":"","newsium-slider-full":"","newsium-featured":"","newsium-medium":""},"author_info":{"info":["c1500921"]},"category_info":"<a href=\"https:\/\/radiofenix.com.ar\/2023\/category\/economia\/\" rel=\"category tag\">Economia<\/a>","tag_info":"Economia","comment_count":"0","_links":{"self":[{"href":"https:\/\/radiofenix.com.ar\/2023\/wp-json\/wp\/v2\/posts\/158823","targetHints":{"allow":["GET"]}}],"collection":[{"href":"https:\/\/radiofenix.com.ar\/2023\/wp-json\/wp\/v2\/posts"}],"about":[{"href":"https:\/\/radiofenix.com.ar\/2023\/wp-json\/wp\/v2\/types\/post"}],"author":[{"embeddable":true,"href":"https:\/\/radiofenix.com.ar\/2023\/wp-json\/wp\/v2\/users\/2"}],"replies":[{"embeddable":true,"href":"https:\/\/radiofenix.com.ar\/2023\/wp-json\/wp\/v2\/comments?post=158823"}],"version-history":[{"count":0,"href":"https:\/\/radiofenix.com.ar\/2023\/wp-json\/wp\/v2\/posts\/158823\/revisions"}],"wp:featuredmedia":[{"embeddable":true,"href":"https:\/\/radiofenix.com.ar\/2023\/wp-json\/"}],"wp:attachment":[{"href":"https:\/\/radiofenix.com.ar\/2023\/wp-json\/wp\/v2\/media?parent=158823"}],"wp:term":[{"taxonomy":"category","embeddable":true,"href":"https:\/\/radiofenix.com.ar\/2023\/wp-json\/wp\/v2\/categories?post=158823"},{"taxonomy":"post_tag","embeddable":true,"href":"https:\/\/radiofenix.com.ar\/2023\/wp-json\/wp\/v2\/tags?post=158823"}],"curies":[{"name":"wp","href":"https:\/\/api.w.org\/{rel}","templated":true}]}}