{"id":158825,"date":"2023-01-12T12:56:00","date_gmt":"2023-01-12T12:56:00","guid":{"rendered":"http:\/\/radiofenix.com.ar\/la-reapertura-del-paso-de-san-francisco-va-a-cambiar-la-matriz-productiva-argentina\/"},"modified":"2023-01-12T12:56:00","modified_gmt":"2023-01-12T12:56:00","slug":"la-reapertura-del-paso-de-san-francisco-va-a-cambiar-la-matriz-productiva-argentina","status":"publish","type":"post","link":"https:\/\/radiofenix.com.ar\/2023\/la-reapertura-del-paso-de-san-francisco-va-a-cambiar-la-matriz-productiva-argentina\/","title":{"rendered":"La reapertura del paso de San Francisco \u00abva a cambiar la matriz productiva argentina\u00bb"},"content":{"rendered":"<p>En di\u00e1logo con T\u00e9lam Radio, Ra\u00fal Chico, ministro de Integraci\u00f3n Regional, Log\u00edstica y Transporte de Catamarca, asegur\u00f3 que el hecho de que vuelvan a pasar veh\u00edculos por el cruce fronterizo que une esa provincia con Chile es el paso previo a la\u00a0la construcci\u00f3n del corredor ferroviario bioce\u00e1nico que har\u00e1 que los productos argentinos salgan al mundo a un precio menor.<\/p>\n","protected":false},"excerpt":{"rendered":"<p>En di\u00e1logo con T\u00e9lam Radio, Ra\u00fal Chico, ministro de Integraci\u00f3n Regional, Log\u00edstica y Transporte de&#8230;<\/p>\n","protected":false},"author":2,"featured_media":158826,"comment_status":"open","ping_status":"open","sticky":false,"template":"","format":"standard","meta":{"footnotes":""},"categories":[5],"tags":[],"class_list":["post-158825","post","type-post","status-publish","format-standard","has-post-thumbnail","hentry","category-economia"],"featured_image_urls":{"full":"","thumbnail":"","medium":"","medium_large":"","large":"","1536x1536":"","2048x2048":"","newsium-slider-full":"","newsium-featured":"","newsium-medium":""},"author_info":{"info":["c1500921"]},"category_info":"<a href=\"https:\/\/radiofenix.com.ar\/2023\/category\/economia\/\" rel=\"category tag\">Economia<\/a>","tag_info":"Economia","comment_count":"0","_links":{"self":[{"href":"https:\/\/radiofenix.com.ar\/2023\/wp-json\/wp\/v2\/posts\/158825","targetHints":{"allow":["GET"]}}],"collection":[{"href":"https:\/\/radiofenix.com.ar\/2023\/wp-json\/wp\/v2\/posts"}],"about":[{"href":"https:\/\/radiofenix.com.ar\/2023\/wp-json\/wp\/v2\/types\/post"}],"author":[{"embeddable":true,"href":"https:\/\/radiofenix.com.ar\/2023\/wp-json\/wp\/v2\/users\/2"}],"replies":[{"embeddable":true,"href":"https:\/\/radiofenix.com.ar\/2023\/wp-json\/wp\/v2\/comments?post=158825"}],"version-history":[{"count":0,"href":"https:\/\/radiofenix.com.ar\/2023\/wp-json\/wp\/v2\/posts\/158825\/revisions"}],"wp:featuredmedia":[{"embeddable":true,"href":"https:\/\/radiofenix.com.ar\/2023\/wp-json\/"}],"wp:attachment":[{"href":"https:\/\/radiofenix.com.ar\/2023\/wp-json\/wp\/v2\/media?parent=158825"}],"wp:term":[{"taxonomy":"category","embeddable":true,"href":"https:\/\/radiofenix.com.ar\/2023\/wp-json\/wp\/v2\/categories?post=158825"},{"taxonomy":"post_tag","embeddable":true,"href":"https:\/\/radiofenix.com.ar\/2023\/wp-json\/wp\/v2\/tags?post=158825"}],"curies":[{"name":"wp","href":"https:\/\/api.w.org\/{rel}","templated":true}]}}