{"id":158843,"date":"2023-01-12T17:04:02","date_gmt":"2023-01-12T17:04:02","guid":{"rendered":"http:\/\/radiofenix.com.ar\/en-diputados-habra-quorum-para-poder-tratar-el-juicio-a-la-corte-en-comision\/"},"modified":"2023-01-12T17:04:02","modified_gmt":"2023-01-12T17:04:02","slug":"en-diputados-habra-quorum-para-poder-tratar-el-juicio-a-la-corte-en-comision","status":"publish","type":"post","link":"https:\/\/radiofenix.com.ar\/2023\/en-diputados-habra-quorum-para-poder-tratar-el-juicio-a-la-corte-en-comision\/","title":{"rendered":"En Diputados \u00abhabr\u00e1 qu\u00f3rum\u00bb para poder tratar el juicio a la Corte en comisi\u00f3n"},"content":{"rendered":"<p>La titular de la Comisi\u00f3n de Juicio Pol\u00edtico afirm\u00f3 que\u00a0todos los miembros de la comisi\u00f3n que forman parte del Frente de Todos \u00abmanifestaron su compromiso de garantizar el qu\u00f3rum\u00bb para tratar el pedido de remoci\u00f3n a los integrantes del m\u00e1ximo tribunal.La titular de la Comisi\u00f3n de Juicio Pol\u00edtico afirm\u00f3 que\u00a0todos los miembros de la comisi\u00f3n que forman parte del Frente de Todos \u00abmanifestaron su compromiso de garantizar el qu\u00f3rum\u00bb para tratar el pedido de remoci\u00f3n a los integrantes del m\u00e1ximo tribunal.<\/p>\n","protected":false},"excerpt":{"rendered":"<p>La titular de la Comisi\u00f3n de Juicio Pol\u00edtico afirm\u00f3 que\u00a0todos los miembros de la comisi\u00f3n&#8230;<\/p>\n","protected":false},"author":2,"featured_media":158844,"comment_status":"open","ping_status":"open","sticky":false,"template":"","format":"standard","meta":{"footnotes":""},"categories":[2],"tags":[],"class_list":["post-158843","post","type-post","status-publish","format-standard","has-post-thumbnail","hentry","category-politica"],"featured_image_urls":{"full":"","thumbnail":"","medium":"","medium_large":"","large":"","1536x1536":"","2048x2048":"","newsium-slider-full":"","newsium-featured":"","newsium-medium":""},"author_info":{"info":["c1500921"]},"category_info":"<a href=\"https:\/\/radiofenix.com.ar\/2023\/category\/politica\/\" rel=\"category tag\">Pol\u00edtica<\/a>","tag_info":"Pol\u00edtica","comment_count":"0","_links":{"self":[{"href":"https:\/\/radiofenix.com.ar\/2023\/wp-json\/wp\/v2\/posts\/158843","targetHints":{"allow":["GET"]}}],"collection":[{"href":"https:\/\/radiofenix.com.ar\/2023\/wp-json\/wp\/v2\/posts"}],"about":[{"href":"https:\/\/radiofenix.com.ar\/2023\/wp-json\/wp\/v2\/types\/post"}],"author":[{"embeddable":true,"href":"https:\/\/radiofenix.com.ar\/2023\/wp-json\/wp\/v2\/users\/2"}],"replies":[{"embeddable":true,"href":"https:\/\/radiofenix.com.ar\/2023\/wp-json\/wp\/v2\/comments?post=158843"}],"version-history":[{"count":0,"href":"https:\/\/radiofenix.com.ar\/2023\/wp-json\/wp\/v2\/posts\/158843\/revisions"}],"wp:featuredmedia":[{"embeddable":true,"href":"https:\/\/radiofenix.com.ar\/2023\/wp-json\/"}],"wp:attachment":[{"href":"https:\/\/radiofenix.com.ar\/2023\/wp-json\/wp\/v2\/media?parent=158843"}],"wp:term":[{"taxonomy":"category","embeddable":true,"href":"https:\/\/radiofenix.com.ar\/2023\/wp-json\/wp\/v2\/categories?post=158843"},{"taxonomy":"post_tag","embeddable":true,"href":"https:\/\/radiofenix.com.ar\/2023\/wp-json\/wp\/v2\/tags?post=158843"}],"curies":[{"name":"wp","href":"https:\/\/api.w.org\/{rel}","templated":true}]}}