{"id":158845,"date":"2023-01-12T16:58:00","date_gmt":"2023-01-12T16:58:00","guid":{"rendered":"http:\/\/radiofenix.com.ar\/avanza-el-acuerdo-de-exportaciones-de-la-argentina-con-arabia-saudita\/"},"modified":"2023-01-12T16:58:00","modified_gmt":"2023-01-12T16:58:00","slug":"avanza-el-acuerdo-de-exportaciones-de-la-argentina-con-arabia-saudita","status":"publish","type":"post","link":"https:\/\/radiofenix.com.ar\/2023\/avanza-el-acuerdo-de-exportaciones-de-la-argentina-con-arabia-saudita\/","title":{"rendered":"Avanza el acuerdo de exportaciones de la Argentina con Arabia Saudita"},"content":{"rendered":"<p>&amp;ldquo;El Gobierno Nacional tiene la decisi\u00f3n de\u00a0fortalecer la presencia en cada una de las provincias, acompa\u00f1ando a los productores y asegurando el financiamiento para la ejecuci\u00f3n de obras h\u00eddricas&amp;rdquo;, asegur\u00f3 el\u00a0secretario de Planificaci\u00f3n del Desarrollo y la Competitividad Federal del Ministerio de Econom\u00eda durante su encuentro con\u00a0el viceministro de Agricultura del Reino.<\/p>\n","protected":false},"excerpt":{"rendered":"<p>&amp;ldquo;El Gobierno Nacional tiene la decisi\u00f3n de\u00a0fortalecer la presencia en cada una de las provincias,&#8230;<\/p>\n","protected":false},"author":2,"featured_media":158846,"comment_status":"open","ping_status":"open","sticky":false,"template":"","format":"standard","meta":{"footnotes":""},"categories":[5],"tags":[],"class_list":["post-158845","post","type-post","status-publish","format-standard","has-post-thumbnail","hentry","category-economia"],"featured_image_urls":{"full":"","thumbnail":"","medium":"","medium_large":"","large":"","1536x1536":"","2048x2048":"","newsium-slider-full":"","newsium-featured":"","newsium-medium":""},"author_info":{"info":["c1500921"]},"category_info":"<a href=\"https:\/\/radiofenix.com.ar\/2023\/category\/economia\/\" rel=\"category tag\">Economia<\/a>","tag_info":"Economia","comment_count":"0","_links":{"self":[{"href":"https:\/\/radiofenix.com.ar\/2023\/wp-json\/wp\/v2\/posts\/158845","targetHints":{"allow":["GET"]}}],"collection":[{"href":"https:\/\/radiofenix.com.ar\/2023\/wp-json\/wp\/v2\/posts"}],"about":[{"href":"https:\/\/radiofenix.com.ar\/2023\/wp-json\/wp\/v2\/types\/post"}],"author":[{"embeddable":true,"href":"https:\/\/radiofenix.com.ar\/2023\/wp-json\/wp\/v2\/users\/2"}],"replies":[{"embeddable":true,"href":"https:\/\/radiofenix.com.ar\/2023\/wp-json\/wp\/v2\/comments?post=158845"}],"version-history":[{"count":0,"href":"https:\/\/radiofenix.com.ar\/2023\/wp-json\/wp\/v2\/posts\/158845\/revisions"}],"wp:featuredmedia":[{"embeddable":true,"href":"https:\/\/radiofenix.com.ar\/2023\/wp-json\/"}],"wp:attachment":[{"href":"https:\/\/radiofenix.com.ar\/2023\/wp-json\/wp\/v2\/media?parent=158845"}],"wp:term":[{"taxonomy":"category","embeddable":true,"href":"https:\/\/radiofenix.com.ar\/2023\/wp-json\/wp\/v2\/categories?post=158845"},{"taxonomy":"post_tag","embeddable":true,"href":"https:\/\/radiofenix.com.ar\/2023\/wp-json\/wp\/v2\/tags?post=158845"}],"curies":[{"name":"wp","href":"https:\/\/api.w.org\/{rel}","templated":true}]}}