{"id":158861,"date":"2023-01-12T18:18:00","date_gmt":"2023-01-12T18:18:00","guid":{"rendered":"http:\/\/radiofenix.com.ar\/rojo-profundo-y-la-posibilidad-de-ver-un-clasico-del-cine-en-pantalla-grande\/"},"modified":"2023-01-12T18:18:00","modified_gmt":"2023-01-12T18:18:00","slug":"rojo-profundo-y-la-posibilidad-de-ver-un-clasico-del-cine-en-pantalla-grande","status":"publish","type":"post","link":"https:\/\/radiofenix.com.ar\/2023\/rojo-profundo-y-la-posibilidad-de-ver-un-clasico-del-cine-en-pantalla-grande\/","title":{"rendered":"\u00abRojo profundo\u00bb y la posibilidad de ver un cl\u00e1sico del cine en pantalla grande"},"content":{"rendered":"<p>A 48 a\u00f1os de su estreno, el cl\u00e1sico del director\u00a0italiano\u00a0Dario Argento\u00a0regresa el 2 de febrero con copias totalmente remasterizadas.A 48 a\u00f1os de su estreno, el cl\u00e1sico del director\u00a0italiano\u00a0Dario Argento\u00a0regresa el 2 de febrero con copias totalmente remasterizadas.<\/p>\n","protected":false},"excerpt":{"rendered":"<p>A 48 a\u00f1os de su estreno, el cl\u00e1sico del director\u00a0italiano\u00a0Dario Argento\u00a0regresa el 2 de febrero&#8230;<\/p>\n","protected":false},"author":2,"featured_media":158862,"comment_status":"open","ping_status":"open","sticky":false,"template":"","format":"standard","meta":{"footnotes":""},"categories":[4],"tags":[],"class_list":["post-158861","post","type-post","status-publish","format-standard","has-post-thumbnail","hentry","category-espectaculos"],"featured_image_urls":{"full":"","thumbnail":"","medium":"","medium_large":"","large":"","1536x1536":"","2048x2048":"","newsium-slider-full":"","newsium-featured":"","newsium-medium":""},"author_info":{"info":["c1500921"]},"category_info":"<a href=\"https:\/\/radiofenix.com.ar\/2023\/category\/espectaculos\/\" rel=\"category tag\">Espectaculos<\/a>","tag_info":"Espectaculos","comment_count":"0","_links":{"self":[{"href":"https:\/\/radiofenix.com.ar\/2023\/wp-json\/wp\/v2\/posts\/158861","targetHints":{"allow":["GET"]}}],"collection":[{"href":"https:\/\/radiofenix.com.ar\/2023\/wp-json\/wp\/v2\/posts"}],"about":[{"href":"https:\/\/radiofenix.com.ar\/2023\/wp-json\/wp\/v2\/types\/post"}],"author":[{"embeddable":true,"href":"https:\/\/radiofenix.com.ar\/2023\/wp-json\/wp\/v2\/users\/2"}],"replies":[{"embeddable":true,"href":"https:\/\/radiofenix.com.ar\/2023\/wp-json\/wp\/v2\/comments?post=158861"}],"version-history":[{"count":0,"href":"https:\/\/radiofenix.com.ar\/2023\/wp-json\/wp\/v2\/posts\/158861\/revisions"}],"wp:featuredmedia":[{"embeddable":true,"href":"https:\/\/radiofenix.com.ar\/2023\/wp-json\/"}],"wp:attachment":[{"href":"https:\/\/radiofenix.com.ar\/2023\/wp-json\/wp\/v2\/media?parent=158861"}],"wp:term":[{"taxonomy":"category","embeddable":true,"href":"https:\/\/radiofenix.com.ar\/2023\/wp-json\/wp\/v2\/categories?post=158861"},{"taxonomy":"post_tag","embeddable":true,"href":"https:\/\/radiofenix.com.ar\/2023\/wp-json\/wp\/v2\/tags?post=158861"}],"curies":[{"name":"wp","href":"https:\/\/api.w.org\/{rel}","templated":true}]}}