{"id":158863,"date":"2023-01-12T17:28:00","date_gmt":"2023-01-12T17:28:00","guid":{"rendered":"http:\/\/radiofenix.com.ar\/la-ultima-pirueta-un-documental-que-muestra-la-historia-del-circo-criollo\/"},"modified":"2023-01-12T17:28:00","modified_gmt":"2023-01-12T17:28:00","slug":"la-ultima-pirueta-un-documental-que-muestra-la-historia-del-circo-criollo","status":"publish","type":"post","link":"https:\/\/radiofenix.com.ar\/2023\/la-ultima-pirueta-un-documental-que-muestra-la-historia-del-circo-criollo\/","title":{"rendered":"\u00abLa \u00faltima pirueta\u00bb, un documental que muestra la historia del circo criollo"},"content":{"rendered":"<p>El realizador Grabriel Rosas construy\u00f3 la perfecta narraci\u00f3n de un acontecimiento \u00fanico y particular\u00edsimo de la expresi\u00f3n art\u00edstica nacional. El actor y colaborador creativo del Cirque du Soleil \u00abLove\u00bb detall\u00f3 en di\u00e1logo con T\u00e9lam que \u00abla base de todo fueron los recuerdos y lo que atesora Salom\u00e9 Carpenzano\u00bb.El realizador Grabriel Rosas construy\u00f3 la perfecta narraci\u00f3n de un acontecimiento \u00fanico y particular\u00edsimo de la expresi\u00f3n art\u00edstica nacional. El actor y colaborador creativo del Cirque du Soleil \u00abLove\u00bb detall\u00f3 en di\u00e1logo con T\u00e9lam que \u00abla base de todo fueron los recuerdos y lo que atesora Salom\u00e9 Carpenzano\u00bb.<\/p>\n","protected":false},"excerpt":{"rendered":"<p>El realizador Grabriel Rosas construy\u00f3 la perfecta narraci\u00f3n de un acontecimiento \u00fanico y particular\u00edsimo de&#8230;<\/p>\n","protected":false},"author":2,"featured_media":158864,"comment_status":"open","ping_status":"open","sticky":false,"template":"","format":"standard","meta":{"footnotes":""},"categories":[4],"tags":[],"class_list":["post-158863","post","type-post","status-publish","format-standard","has-post-thumbnail","hentry","category-espectaculos"],"featured_image_urls":{"full":"","thumbnail":"","medium":"","medium_large":"","large":"","1536x1536":"","2048x2048":"","newsium-slider-full":"","newsium-featured":"","newsium-medium":""},"author_info":{"info":["c1500921"]},"category_info":"<a href=\"https:\/\/radiofenix.com.ar\/2023\/category\/espectaculos\/\" rel=\"category tag\">Espectaculos<\/a>","tag_info":"Espectaculos","comment_count":"0","_links":{"self":[{"href":"https:\/\/radiofenix.com.ar\/2023\/wp-json\/wp\/v2\/posts\/158863","targetHints":{"allow":["GET"]}}],"collection":[{"href":"https:\/\/radiofenix.com.ar\/2023\/wp-json\/wp\/v2\/posts"}],"about":[{"href":"https:\/\/radiofenix.com.ar\/2023\/wp-json\/wp\/v2\/types\/post"}],"author":[{"embeddable":true,"href":"https:\/\/radiofenix.com.ar\/2023\/wp-json\/wp\/v2\/users\/2"}],"replies":[{"embeddable":true,"href":"https:\/\/radiofenix.com.ar\/2023\/wp-json\/wp\/v2\/comments?post=158863"}],"version-history":[{"count":0,"href":"https:\/\/radiofenix.com.ar\/2023\/wp-json\/wp\/v2\/posts\/158863\/revisions"}],"wp:featuredmedia":[{"embeddable":true,"href":"https:\/\/radiofenix.com.ar\/2023\/wp-json\/"}],"wp:attachment":[{"href":"https:\/\/radiofenix.com.ar\/2023\/wp-json\/wp\/v2\/media?parent=158863"}],"wp:term":[{"taxonomy":"category","embeddable":true,"href":"https:\/\/radiofenix.com.ar\/2023\/wp-json\/wp\/v2\/categories?post=158863"},{"taxonomy":"post_tag","embeddable":true,"href":"https:\/\/radiofenix.com.ar\/2023\/wp-json\/wp\/v2\/tags?post=158863"}],"curies":[{"name":"wp","href":"https:\/\/api.w.org\/{rel}","templated":true}]}}