{"id":158877,"date":"2023-01-12T21:04:02","date_gmt":"2023-01-12T21:04:02","guid":{"rendered":"http:\/\/radiofenix.com.ar\/cafiero-confirmo-el-regreso-de-brasil-a-la-celac\/"},"modified":"2023-01-12T21:04:02","modified_gmt":"2023-01-12T21:04:02","slug":"cafiero-confirmo-el-regreso-de-brasil-a-la-celac","status":"publish","type":"post","link":"https:\/\/radiofenix.com.ar\/2023\/cafiero-confirmo-el-regreso-de-brasil-a-la-celac\/","title":{"rendered":"Cafiero confirm\u00f3 el regreso de Brasil a la Celac"},"content":{"rendered":"<p>El Canciller recibi\u00f3 al diplom\u00e1tico Reinaldo Jos\u00e9 de Almeida Salgado, quien le entreg\u00f3 la carta que formaliza el retorno de su pa\u00eds a ese mecanismo de integraci\u00f3n regional, que el 24 de este mes se reunir\u00e1 en Buenos Aires con la presencia de Lula Da Silva.El Canciller recibi\u00f3 al diplom\u00e1tico Reinaldo Jos\u00e9 de Almeida Salgado, quien le entreg\u00f3 la carta que formaliza el retorno de su pa\u00eds a ese mecanismo de integraci\u00f3n regional, que el 24 de este mes se reunir\u00e1 en Buenos Aires con la presencia de Lula Da Silva.<\/p>\n","protected":false},"excerpt":{"rendered":"<p>El Canciller recibi\u00f3 al diplom\u00e1tico Reinaldo Jos\u00e9 de Almeida Salgado, quien le entreg\u00f3 la carta&#8230;<\/p>\n","protected":false},"author":2,"featured_media":158878,"comment_status":"open","ping_status":"open","sticky":false,"template":"","format":"standard","meta":{"footnotes":""},"categories":[2],"tags":[],"class_list":["post-158877","post","type-post","status-publish","format-standard","has-post-thumbnail","hentry","category-politica"],"featured_image_urls":{"full":"","thumbnail":"","medium":"","medium_large":"","large":"","1536x1536":"","2048x2048":"","newsium-slider-full":"","newsium-featured":"","newsium-medium":""},"author_info":{"info":["c1500921"]},"category_info":"<a href=\"https:\/\/radiofenix.com.ar\/2023\/category\/politica\/\" rel=\"category tag\">Pol\u00edtica<\/a>","tag_info":"Pol\u00edtica","comment_count":"0","_links":{"self":[{"href":"https:\/\/radiofenix.com.ar\/2023\/wp-json\/wp\/v2\/posts\/158877","targetHints":{"allow":["GET"]}}],"collection":[{"href":"https:\/\/radiofenix.com.ar\/2023\/wp-json\/wp\/v2\/posts"}],"about":[{"href":"https:\/\/radiofenix.com.ar\/2023\/wp-json\/wp\/v2\/types\/post"}],"author":[{"embeddable":true,"href":"https:\/\/radiofenix.com.ar\/2023\/wp-json\/wp\/v2\/users\/2"}],"replies":[{"embeddable":true,"href":"https:\/\/radiofenix.com.ar\/2023\/wp-json\/wp\/v2\/comments?post=158877"}],"version-history":[{"count":0,"href":"https:\/\/radiofenix.com.ar\/2023\/wp-json\/wp\/v2\/posts\/158877\/revisions"}],"wp:featuredmedia":[{"embeddable":true,"href":"https:\/\/radiofenix.com.ar\/2023\/wp-json\/"}],"wp:attachment":[{"href":"https:\/\/radiofenix.com.ar\/2023\/wp-json\/wp\/v2\/media?parent=158877"}],"wp:term":[{"taxonomy":"category","embeddable":true,"href":"https:\/\/radiofenix.com.ar\/2023\/wp-json\/wp\/v2\/categories?post=158877"},{"taxonomy":"post_tag","embeddable":true,"href":"https:\/\/radiofenix.com.ar\/2023\/wp-json\/wp\/v2\/tags?post=158877"}],"curies":[{"name":"wp","href":"https:\/\/api.w.org\/{rel}","templated":true}]}}