{"id":158891,"date":"2023-01-12T22:04:35","date_gmt":"2023-01-12T22:04:35","guid":{"rendered":"http:\/\/radiofenix.com.ar\/dirigentes-estatales-reclamaron-participar-en-la-discusion-por-la-nueva-ley-del-indec\/"},"modified":"2023-01-12T22:04:35","modified_gmt":"2023-01-12T22:04:35","slug":"dirigentes-estatales-reclamaron-participar-en-la-discusion-por-la-nueva-ley-del-indec","status":"publish","type":"post","link":"https:\/\/radiofenix.com.ar\/2023\/dirigentes-estatales-reclamaron-participar-en-la-discusion-por-la-nueva-ley-del-indec\/","title":{"rendered":"Dirigentes estatales reclamaron participar en la discusi\u00f3n por la nueva ley del Indec"},"content":{"rendered":"<p>\u00abLa construcci\u00f3n de ese nuevo sost\u00e9n jur\u00eddico implica convocar a los trabajadores\u00bb, argument\u00f3 la Junta Interna de la Asociaci\u00f3n de Trabajadores del Estado.\u00a0\u00abLa construcci\u00f3n de ese nuevo sost\u00e9n jur\u00eddico implica convocar a los trabajadores\u00bb, argument\u00f3 la Junta Interna de la Asociaci\u00f3n de Trabajadores del Estado.\u00a0<\/p>\n","protected":false},"excerpt":{"rendered":"<p>\u00abLa construcci\u00f3n de ese nuevo sost\u00e9n jur\u00eddico implica convocar a los trabajadores\u00bb, argument\u00f3 la Junta&#8230;<\/p>\n","protected":false},"author":2,"featured_media":158892,"comment_status":"open","ping_status":"open","sticky":false,"template":"","format":"standard","meta":{"footnotes":""},"categories":[2],"tags":[],"class_list":["post-158891","post","type-post","status-publish","format-standard","has-post-thumbnail","hentry","category-politica"],"featured_image_urls":{"full":"","thumbnail":"","medium":"","medium_large":"","large":"","1536x1536":"","2048x2048":"","newsium-slider-full":"","newsium-featured":"","newsium-medium":""},"author_info":{"info":["c1500921"]},"category_info":"<a href=\"https:\/\/radiofenix.com.ar\/2023\/category\/politica\/\" rel=\"category tag\">Pol\u00edtica<\/a>","tag_info":"Pol\u00edtica","comment_count":"0","_links":{"self":[{"href":"https:\/\/radiofenix.com.ar\/2023\/wp-json\/wp\/v2\/posts\/158891","targetHints":{"allow":["GET"]}}],"collection":[{"href":"https:\/\/radiofenix.com.ar\/2023\/wp-json\/wp\/v2\/posts"}],"about":[{"href":"https:\/\/radiofenix.com.ar\/2023\/wp-json\/wp\/v2\/types\/post"}],"author":[{"embeddable":true,"href":"https:\/\/radiofenix.com.ar\/2023\/wp-json\/wp\/v2\/users\/2"}],"replies":[{"embeddable":true,"href":"https:\/\/radiofenix.com.ar\/2023\/wp-json\/wp\/v2\/comments?post=158891"}],"version-history":[{"count":0,"href":"https:\/\/radiofenix.com.ar\/2023\/wp-json\/wp\/v2\/posts\/158891\/revisions"}],"wp:featuredmedia":[{"embeddable":true,"href":"https:\/\/radiofenix.com.ar\/2023\/wp-json\/"}],"wp:attachment":[{"href":"https:\/\/radiofenix.com.ar\/2023\/wp-json\/wp\/v2\/media?parent=158891"}],"wp:term":[{"taxonomy":"category","embeddable":true,"href":"https:\/\/radiofenix.com.ar\/2023\/wp-json\/wp\/v2\/categories?post=158891"},{"taxonomy":"post_tag","embeddable":true,"href":"https:\/\/radiofenix.com.ar\/2023\/wp-json\/wp\/v2\/tags?post=158891"}],"curies":[{"name":"wp","href":"https:\/\/api.w.org\/{rel}","templated":true}]}}