{"id":158905,"date":"2023-01-12T23:04:39","date_gmt":"2023-01-12T23:04:39","guid":{"rendered":"http:\/\/radiofenix.com.ar\/cerruti-llamo-a-la-oposicion-a-sentarse-a-debatir-y-no-extorsionar-a-la-sociedad-2\/"},"modified":"2023-01-12T23:04:39","modified_gmt":"2023-01-12T23:04:39","slug":"cerruti-llamo-a-la-oposicion-a-sentarse-a-debatir-y-no-extorsionar-a-la-sociedad-2","status":"publish","type":"post","link":"https:\/\/radiofenix.com.ar\/2023\/cerruti-llamo-a-la-oposicion-a-sentarse-a-debatir-y-no-extorsionar-a-la-sociedad-2\/","title":{"rendered":"Cerruti llam\u00f3 a la oposici\u00f3n a \u00absentarse a debatir y no extorsionar a la sociedad\u00bb"},"content":{"rendered":"<p>La portavoz presidencial, anunci\u00f3 la publicaci\u00f3n de la convocatoria a sesiones extraordinarias, que tendr\u00e1 27 temas, en el Bolet\u00edn Oficial. El Gobierno decidi\u00f3 incluir un\u00a0proyecto para ampliar el n\u00famero de integrantes de la Corte, entre otras iniciativas.La portavoz presidencial, anunci\u00f3 la publicaci\u00f3n de la convocatoria a sesiones extraordinarias, que tendr\u00e1 27 temas, en el Bolet\u00edn Oficial. El Gobierno decidi\u00f3 incluir un\u00a0proyecto para ampliar el n\u00famero de integrantes de la Corte, entre otras iniciativas.<\/p>\n","protected":false},"excerpt":{"rendered":"<p>La portavoz presidencial, anunci\u00f3 la publicaci\u00f3n de la convocatoria a sesiones extraordinarias, que tendr\u00e1 27&#8230;<\/p>\n","protected":false},"author":2,"featured_media":158906,"comment_status":"open","ping_status":"open","sticky":false,"template":"","format":"standard","meta":{"footnotes":""},"categories":[2],"tags":[],"class_list":["post-158905","post","type-post","status-publish","format-standard","has-post-thumbnail","hentry","category-politica"],"featured_image_urls":{"full":"","thumbnail":"","medium":"","medium_large":"","large":"","1536x1536":"","2048x2048":"","newsium-slider-full":"","newsium-featured":"","newsium-medium":""},"author_info":{"info":["c1500921"]},"category_info":"<a href=\"https:\/\/radiofenix.com.ar\/2023\/category\/politica\/\" rel=\"category tag\">Pol\u00edtica<\/a>","tag_info":"Pol\u00edtica","comment_count":"0","_links":{"self":[{"href":"https:\/\/radiofenix.com.ar\/2023\/wp-json\/wp\/v2\/posts\/158905","targetHints":{"allow":["GET"]}}],"collection":[{"href":"https:\/\/radiofenix.com.ar\/2023\/wp-json\/wp\/v2\/posts"}],"about":[{"href":"https:\/\/radiofenix.com.ar\/2023\/wp-json\/wp\/v2\/types\/post"}],"author":[{"embeddable":true,"href":"https:\/\/radiofenix.com.ar\/2023\/wp-json\/wp\/v2\/users\/2"}],"replies":[{"embeddable":true,"href":"https:\/\/radiofenix.com.ar\/2023\/wp-json\/wp\/v2\/comments?post=158905"}],"version-history":[{"count":0,"href":"https:\/\/radiofenix.com.ar\/2023\/wp-json\/wp\/v2\/posts\/158905\/revisions"}],"wp:featuredmedia":[{"embeddable":true,"href":"https:\/\/radiofenix.com.ar\/2023\/wp-json\/"}],"wp:attachment":[{"href":"https:\/\/radiofenix.com.ar\/2023\/wp-json\/wp\/v2\/media?parent=158905"}],"wp:term":[{"taxonomy":"category","embeddable":true,"href":"https:\/\/radiofenix.com.ar\/2023\/wp-json\/wp\/v2\/categories?post=158905"},{"taxonomy":"post_tag","embeddable":true,"href":"https:\/\/radiofenix.com.ar\/2023\/wp-json\/wp\/v2\/tags?post=158905"}],"curies":[{"name":"wp","href":"https:\/\/api.w.org\/{rel}","templated":true}]}}